{"id":77313,"date":"2025-02-08T07:45:00","date_gmt":"2025-02-08T13:45:00","guid":{"rendered":"https:\/\/zonaroja.com.mx\/?p=77313"},"modified":"2025-02-08T06:56:35","modified_gmt":"2025-02-08T12:56:35","slug":"refuerzan-acciones-de-seguridad-en-la-cuenca-destinan-254-mdp","status":"publish","type":"post","link":"https:\/\/zonaroja.com.mx\/?p=77313","title":{"rendered":"Refuerzan acciones de seguridad en la Cuenca; destinan 254 mdp"},"content":{"rendered":"\n<p>Redacci\u00f3n\/Zona Roja.<\/p>\n\n\n\n<p>Oaxaca de Ju\u00e1rez, Oax., a 8 de febrero de 2025.- El gobierno de Oaxaca anunci\u00f3 una inversi\u00f3n superior a los 254 millones de pesos para reforzar la seguridad en la regi\u00f3n Cuenca del Papaloapan.<\/p>\n\n\n\n<p>Este viernes, el titular del Poder Ejecutivo, Salom\u00f3n Jara, efectu\u00f3 una gira de trabajo por varios municipios, entre ellos San Juan Bautista Tuxtepec, donde presidi\u00f3 la Mesa de Seguridad y ofreci\u00f3 una conferencia de prensa.<\/p>\n\n\n\n<p>En un comunicado, destac\u00f3 la estrecha coordinaci\u00f3n que su administraci\u00f3n mantiene con las fuerzas de seguridad federales y la Fiscal\u00eda General del Estado de Oaxaca (FGEO), para cumplir con los objetivos de la Estrategia Nacional de Seguridad y fortalecer la construcci\u00f3n de la paz en la entidad, tal es el caso de la regi\u00f3n de la Cuenca.<\/p>\n\n\n\n<p>El mandatario expuso que, como parte de la estrategia estatal, se han realizado varias acciones para atender de manera prioritaria aquellos municipios que concentran el mayor n\u00famero de delitos, por lo que se trabaja de manera cercana con las autoridades locales.<\/p>\n\n\n\n<p>Entre ellos, se encuentra San Juan Bautista Tuxtepec, que es el municipio m\u00e1s grande de la regi\u00f3n, con una importante concentraci\u00f3n poblacional, fronterizo con el estado de Veracruz y ocupa el primer lugar a nivel estatal con mayor incidencia delictiva.<\/p>\n\n\n\n<p>\u201cNuestro gobierno nunca va estar ausente en los temas de seguridad, vamos estar siempre en estrecha coordinaci\u00f3n con todas las autoridades municipales\u201d, refiri\u00f3.<\/p>\n\n\n\n<p>Jara Cruz expuso que a esta regi\u00f3n se le destin\u00f3 un presupuesto de m\u00e1s de 509 millones 11 mil pesos a trav\u00e9s del Fondo de Aportaciones para el Fortalecimiento de los Municipios del Estado (Fortamun) 2025, as\u00ed tambi\u00e9n en la inversi\u00f3n de seguridad de este a\u00f1o se destinar\u00e1 m\u00e1s de 254 millones 505 mil pesos.<\/p>\n\n\n\n<p>En el encuentro con las y los representantes de los medios de comunicaci\u00f3n, al que asistieron representantes de las fuerzas armadas y de la FGEO, el presidente municipal de San Juan Bautista Tuxtepec, Fernando Huerta Cerecedo agradeci\u00f3 el respaldo de los gobiernos federal y estatal, as\u00ed como de las fuerzas de seguridad para fortalecer la paz en esta demarcaci\u00f3n.<\/p>\n\n\n\n<p>Resalt\u00f3 el compromiso de su administraci\u00f3n para trabajar de la mano con el Gobierno de M\u00e9xico y de Oaxaca para la realizaci\u00f3n de acciones de seguridad.<\/p>\n\n\n\n<figure class=\"wp-block-embed is-type-rich is-provider-twitter wp-block-embed-twitter\"><div class=\"wp-block-embed__wrapper\">\n<div class=\"twitter-tweet\"><blockquote class=\"twitter-tweet\" data-lang=\"es\"><p lang=\"es\" dir=\"ltr\">Desde la ciudad de Tuxtepec, en la regi\u00f3n de la Cuenca, el gobernador <a href=\"https:\/\/twitter.com\/salomonj?ref_src=twsrc%5Etfw\">@salomonj<\/a> encabeza este viernes una conferencia de prensa, en que hace un balance general en materia de seguridad. <a href=\"https:\/\/t.co\/DuPhDD71T8\">pic.twitter.com\/DuPhDD71T8<\/a><\/p>&mdash; Zona Roja Oaxaca (@ZonaRoja_Oaxaca) <a href=\"https:\/\/twitter.com\/ZonaRoja_Oaxaca\/status\/1887883558376640574?ref_src=twsrc%5Etfw\">7 de febrero de 2025<\/a><\/blockquote><\/div>\n<\/div><\/figure>\n","protected":false},"excerpt":{"rendered":"<p>Redacci\u00f3n\/Zona Roja. Oaxaca de Ju\u00e1rez, Oax., a 8 de febrero de 2025.- El gobierno de&hellip;<\/p>\n","protected":false},"author":2,"featured_media":77314,"comment_status":"closed","ping_status":"open","sticky":false,"template":"","format":"standard","meta":{"_lmt_disableupdate":"","_lmt_disable":"","_jetpack_memberships_contains_paid_content":false,"footnotes":""},"categories":[109,46],"tags":[939],"class_list":["post-77313","post","type-post","status-publish","format-standard","has-post-thumbnail","hentry","category-minuto-a-minuto","category-zona-blanca","tag-salomon-jara-cruz"],"jetpack_featured_media_url":"https:\/\/zonaroja.com.mx\/wp-content\/uploads\/2025\/02\/Salomon-Jara-reunion-seguridad-Cuenca.jpeg","jetpack_sharing_enabled":true,"_links":{"self":[{"href":"https:\/\/zonaroja.com.mx\/index.php?rest_route=\/wp\/v2\/posts\/77313","targetHints":{"allow":["GET"]}}],"collection":[{"href":"https:\/\/zonaroja.com.mx\/index.php?rest_route=\/wp\/v2\/posts"}],"about":[{"href":"https:\/\/zonaroja.com.mx\/index.php?rest_route=\/wp\/v2\/types\/post"}],"author":[{"embeddable":true,"href":"https:\/\/zonaroja.com.mx\/index.php?rest_route=\/wp\/v2\/users\/2"}],"replies":[{"embeddable":true,"href":"https:\/\/zonaroja.com.mx\/index.php?rest_route=%2Fwp%2Fv2%2Fcomments&post=77313"}],"version-history":[{"count":1,"href":"https:\/\/zonaroja.com.mx\/index.php?rest_route=\/wp\/v2\/posts\/77313\/revisions"}],"predecessor-version":[{"id":77315,"href":"https:\/\/zonaroja.com.mx\/index.php?rest_route=\/wp\/v2\/posts\/77313\/revisions\/77315"}],"wp:featuredmedia":[{"embeddable":true,"href":"https:\/\/zonaroja.com.mx\/index.php?rest_route=\/wp\/v2\/media\/77314"}],"wp:attachment":[{"href":"https:\/\/zonaroja.com.mx\/index.php?rest_route=%2Fwp%2Fv2%2Fmedia&parent=77313"}],"wp:term":[{"taxonomy":"category","embeddable":true,"href":"https:\/\/zonaroja.com.mx\/index.php?rest_route=%2Fwp%2Fv2%2Fcategories&post=77313"},{"taxonomy":"post_tag","embeddable":true,"href":"https:\/\/zonaroja.com.mx\/index.php?rest_route=%2Fwp%2Fv2%2Ftags&post=77313"}],"curies":[{"name":"wp","href":"https:\/\/api.w.org\/{rel}","templated":true}]}}