{"id":77319,"date":"2025-02-08T09:45:00","date_gmt":"2025-02-08T15:45:00","guid":{"rendered":"https:\/\/zonaroja.com.mx\/?p=77319"},"modified":"2025-02-08T07:20:26","modified_gmt":"2025-02-08T13:20:26","slug":"insisten-en-justicia-para-mujeres-triquis-asesinadas-en-oaxaca","status":"publish","type":"post","link":"https:\/\/zonaroja.com.mx\/?p=77319","title":{"rendered":"Insisten en justicia para mujeres triquis asesinadas en Oaxaca"},"content":{"rendered":"\n<p>Raymundo Morales\/Zona Roja.<\/p>\n\n\n\n<p>Oaxaca de Ju\u00e1rez, Oax., a 9 de febrero de 2025.- El Comit\u00e9 de V\u00edctimas \u201cSi no est\u00e1n ellas\u2026 no estamos todas\u201d, demand\u00f3 la intervenci\u00f3n de la Presidenta Claudia Sheinbaum para que se haga justicia por el asesinato de dos mujeres de la etnia Triqui, ocurrido el 5 de noviembre de 2024.<\/p>\n\n\n\n<p>\u201cA tres meses del cobarde asesinato de nuestras hermanas triquis Adriana y Virginia (de apellidos O. G.), defensoras de derechos humanos&nbsp; la justicia no llega.&nbsp;<\/p>\n\n\n\n<p>\u201cPrimavera con flores de muerte. Olor azufre que sale de la silla principal del gobierno local, si de ese sujeto de derecho que no manda obedeciendo\u201d, destacan en un comunicado.<\/p>\n\n\n\n<p>La asociaci\u00f3n civil adherida al Movimiento de Unificaci\u00f3n y Lucha Triqui (MULT) demand\u00f3 justicia y recrimin\u00f3 la tolerancia que hay con los presuntos asesinos de ind\u00edgenas, que \u201clos atienden hasta en su casa, les instalan c\u00e1maras de&nbsp; vigilancia, les permiten instalar retenes con gente armada\u201d.<\/p>\n\n\n\n<p>\u201cQueremos en la c\u00e1rcel a los verdaderos asesinos que la primavera fascista los tiene como amigos, les complace todo para que firmen una paz de papel entre representantes cuando la tinta de los enemigos de la paz es de sangre de los ca\u00eddos\u201d, expuso, en referencia a la organizaci\u00f3n MULTI.<\/p>\n\n\n\n<p>El Comit\u00e9 de V\u00edctimas asegur\u00f3 que la paz llegar\u00e1 cuando las asambleas generales de todos los pueblos hermanos triquis firmen con pu\u00f1o y letra el pacto permanente de paz y hermandad.&nbsp;<\/p>\n\n\n\n<p>\u201cSe\u00f1or gobernador (Salom\u00f3n Jara Cruz), haga justicia y de una vez por todas encarcele a los verdaderos asesinos, usted ya tiene las carpetas de investigaci\u00f3n, cambie su pol\u00edtica y&nbsp; ya no siga traicionando la cuarta transformaci\u00f3n, no le muerda la mano a quien le dio todo, AMLO y&nbsp; el pueblo de Oaxaca\u201d.<\/p>\n\n\n\n<p>La Fiscal\u00eda General del Estado ha informado que por estos hechos hay tres personas detenidas, una de ellas polic\u00eda estatal, por los hechos ocurridos en un domicilio de la colonia Francisco I. Madero de la ciudad de Oaxaca.<\/p>\n","protected":false},"excerpt":{"rendered":"<p>Raymundo Morales\/Zona Roja. Oaxaca de Ju\u00e1rez, Oax., a 9 de febrero de 2025.- El Comit\u00e9&hellip;<\/p>\n","protected":false},"author":2,"featured_media":75131,"comment_status":"closed","ping_status":"open","sticky":false,"template":"","format":"standard","meta":{"_lmt_disableupdate":"","_lmt_disable":"","_jetpack_memberships_contains_paid_content":false,"footnotes":""},"categories":[109,47],"tags":[4105],"class_list":["post-77319","post","type-post","status-publish","format-standard","has-post-thumbnail","hentry","category-minuto-a-minuto","category-zona-gris","tag-mujeres-triquis-asesinadas"],"jetpack_featured_media_url":"https:\/\/zonaroja.com.mx\/wp-content\/uploads\/2024\/12\/Mujeres-triquis-asesinadas-Oaxaca-MULT.jpg","jetpack_sharing_enabled":true,"_links":{"self":[{"href":"https:\/\/zonaroja.com.mx\/index.php?rest_route=\/wp\/v2\/posts\/77319","targetHints":{"allow":["GET"]}}],"collection":[{"href":"https:\/\/zonaroja.com.mx\/index.php?rest_route=\/wp\/v2\/posts"}],"about":[{"href":"https:\/\/zonaroja.com.mx\/index.php?rest_route=\/wp\/v2\/types\/post"}],"author":[{"embeddable":true,"href":"https:\/\/zonaroja.com.mx\/index.php?rest_route=\/wp\/v2\/users\/2"}],"replies":[{"embeddable":true,"href":"https:\/\/zonaroja.com.mx\/index.php?rest_route=%2Fwp%2Fv2%2Fcomments&post=77319"}],"version-history":[{"count":1,"href":"https:\/\/zonaroja.com.mx\/index.php?rest_route=\/wp\/v2\/posts\/77319\/revisions"}],"predecessor-version":[{"id":77320,"href":"https:\/\/zonaroja.com.mx\/index.php?rest_route=\/wp\/v2\/posts\/77319\/revisions\/77320"}],"wp:featuredmedia":[{"embeddable":true,"href":"https:\/\/zonaroja.com.mx\/index.php?rest_route=\/wp\/v2\/media\/75131"}],"wp:attachment":[{"href":"https:\/\/zonaroja.com.mx\/index.php?rest_route=%2Fwp%2Fv2%2Fmedia&parent=77319"}],"wp:term":[{"taxonomy":"category","embeddable":true,"href":"https:\/\/zonaroja.com.mx\/index.php?rest_route=%2Fwp%2Fv2%2Fcategories&post=77319"},{"taxonomy":"post_tag","embeddable":true,"href":"https:\/\/zonaroja.com.mx\/index.php?rest_route=%2Fwp%2Fv2%2Ftags&post=77319"}],"curies":[{"name":"wp","href":"https:\/\/api.w.org\/{rel}","templated":true}]}}