{"id":77321,"date":"2025-02-08T11:00:00","date_gmt":"2025-02-08T17:00:00","guid":{"rendered":"https:\/\/zonaroja.com.mx\/?p=77321"},"modified":"2025-02-08T07:34:55","modified_gmt":"2025-02-08T13:34:55","slug":"cuenca-tercera-region-de-oaxaca-con-mayor-incidencia-delictiva","status":"publish","type":"post","link":"https:\/\/zonaroja.com.mx\/?p=77321","title":{"rendered":"Cuenca, tercera regi\u00f3n de Oaxaca con mayor incidencia delictiva"},"content":{"rendered":"\n<p>Redacci\u00f3n\/Zona Roja.&nbsp;<\/p>\n\n\n\n<p>Oaxaca de Ju\u00e1rez, Oax., a 8 de febrero de 2025.- Al participar en la conferencia matutina del Gobierno del Estado de Oaxaca, el fiscal Bernardo Rodr\u00edguez Alamilla, indic\u00f3 que como parte de las acciones de paz y seguridad implementadas en el municipio de San Juan Bautista Tuxtepec, la Fiscal\u00eda General del Estado de Oaxaca (FGEO) trabaja de manera coordinada con los tres niveles de gobierno en acciones y procesos que coadyuven a fortalecer la estrategia de seguridad, justicia y paz social en esta regi\u00f3n de la Cuenca del Papaloapan.<\/p>\n\n\n\n<p>En la conferencia encabezada por el gobernador Salom\u00f3n Jara, en la que estuvieron presentes presidentes municipales de la Cuenca, el titular de la instituci\u00f3n detall\u00f3 que esta estrategia de fortalecimiento se estar\u00e1 evaluando para que sea eficiente para reducir el impacto del fen\u00f3meno delictivo en la zona, adem\u00e1s de implementar este modelo en las dem\u00e1s regiones del estado.<\/p>\n\n\n\n<p>Explic\u00f3 que atender la incidencia delictiva en Tuxtepec es uno de los temas prioritarios de la instituci\u00f3n, pues esta es la tercera regi\u00f3n con mayor incidencia delictiva en el estado.<\/p>\n\n\n\n<p>Reiter\u00f3 que, para reforzar la seguridad y la procuraci\u00f3n de justicia en esta regi\u00f3n, se requiere una amplia colaboraci\u00f3n interinstitucional, por ello la FGEO trabaja conjuntamente con elementos de la Secretar\u00eda de la Defensa Nacional (Sedena), la Secretar\u00eda de Marina, Guardia Nacional (GN), la Secretar\u00eda de Seguridad P\u00fablica y Protecci\u00f3n Ciudadana (SSPC), Polic\u00eda Vial, as\u00ed como autoridades municipales de Tuxtepec, que realizan operativos coordinados.<\/p>\n\n\n\n<p>El fiscal Bernardo Rodr\u00edguez puntualiz\u00f3 que, a trav\u00e9s de esta estrategia de fortalecimiento se han instalado filtros de seguridad en \u00e1reas espec\u00edficas en las cuales se han realizado revisiones de veh\u00edculos, adem\u00e1s de realizar recorridos en zonas detectadas con altos \u00edndices delictivos, as\u00ed como la detenci\u00f3n de los principales generadores de violencia que operan en la regi\u00f3n, para brindar certeza y seguridad a la ciudadan\u00eda.<\/p>\n\n\n\n<p>Agreg\u00f3 que este proceso de articulaci\u00f3n busca enviar un mensaje contundente de no impunidad ante cualquier actuaci\u00f3n delictiva.<\/p>\n\n\n\n<p>La Fiscal\u00eda de Oaxaca reiter\u00f3 su compromiso de colaborar y trabajar de manera coordinada con los tres niveles de gobierno en acciones y procesos de procuraci\u00f3n de justicia que coadyuven a la disminuci\u00f3n de la incidencia delictiva en la entidad.<\/p>\n\n\n\n<figure class=\"wp-block-embed is-type-rich is-provider-twitter wp-block-embed-twitter\"><div class=\"wp-block-embed__wrapper\">\n<div class=\"twitter-tweet\"><blockquote class=\"twitter-tweet\" data-lang=\"es\"><p lang=\"es\" dir=\"ltr\">A la conferencia del mandatario en San Juan Bautista Tuxtepec, acudi\u00f3 como invitado el titular de la <a href=\"https:\/\/twitter.com\/FISCALIA_GobOax?ref_src=twsrc%5Etfw\">@FISCALIA_GobOax<\/a>, <a href=\"https:\/\/twitter.com\/FiscalOaxaca?ref_src=twsrc%5Etfw\">@FiscalOaxaca<\/a>, quien habl\u00f3 de la incidencia delictiva en la regi\u00f3n de la Cuenca as\u00ed como las acciones en materia de procuraci\u00f3n de justicia. <a href=\"https:\/\/t.co\/q2Yg2KhU5o\">pic.twitter.com\/q2Yg2KhU5o<\/a><\/p>&mdash; Zona Roja Oaxaca (@ZonaRoja_Oaxaca) <a href=\"https:\/\/twitter.com\/ZonaRoja_Oaxaca\/status\/1887894141876813937?ref_src=twsrc%5Etfw\">7 de febrero de 2025<\/a><\/blockquote><\/div>\n<\/div><\/figure>\n","protected":false},"excerpt":{"rendered":"<p>Redacci\u00f3n\/Zona Roja.&nbsp; Oaxaca de Ju\u00e1rez, Oax., a 8 de febrero de 2025.- Al participar en&hellip;<\/p>\n","protected":false},"author":2,"featured_media":77322,"comment_status":"closed","ping_status":"open","sticky":false,"template":"","format":"standard","meta":{"_lmt_disableupdate":"","_lmt_disable":"","_jetpack_memberships_contains_paid_content":false,"footnotes":""},"categories":[109,46],"tags":[494],"class_list":["post-77321","post","type-post","status-publish","format-standard","has-post-thumbnail","hentry","category-minuto-a-minuto","category-zona-blanca","tag-fiscalia-general-del-estado-de-oaxaca"],"jetpack_featured_media_url":"https:\/\/zonaroja.com.mx\/wp-content\/uploads\/2025\/02\/Fiscal-Bernardo-Rodriguez-alamilla.jpeg","jetpack_sharing_enabled":true,"_links":{"self":[{"href":"https:\/\/zonaroja.com.mx\/index.php?rest_route=\/wp\/v2\/posts\/77321","targetHints":{"allow":["GET"]}}],"collection":[{"href":"https:\/\/zonaroja.com.mx\/index.php?rest_route=\/wp\/v2\/posts"}],"about":[{"href":"https:\/\/zonaroja.com.mx\/index.php?rest_route=\/wp\/v2\/types\/post"}],"author":[{"embeddable":true,"href":"https:\/\/zonaroja.com.mx\/index.php?rest_route=\/wp\/v2\/users\/2"}],"replies":[{"embeddable":true,"href":"https:\/\/zonaroja.com.mx\/index.php?rest_route=%2Fwp%2Fv2%2Fcomments&post=77321"}],"version-history":[{"count":1,"href":"https:\/\/zonaroja.com.mx\/index.php?rest_route=\/wp\/v2\/posts\/77321\/revisions"}],"predecessor-version":[{"id":77323,"href":"https:\/\/zonaroja.com.mx\/index.php?rest_route=\/wp\/v2\/posts\/77321\/revisions\/77323"}],"wp:featuredmedia":[{"embeddable":true,"href":"https:\/\/zonaroja.com.mx\/index.php?rest_route=\/wp\/v2\/media\/77322"}],"wp:attachment":[{"href":"https:\/\/zonaroja.com.mx\/index.php?rest_route=%2Fwp%2Fv2%2Fmedia&parent=77321"}],"wp:term":[{"taxonomy":"category","embeddable":true,"href":"https:\/\/zonaroja.com.mx\/index.php?rest_route=%2Fwp%2Fv2%2Fcategories&post=77321"},{"taxonomy":"post_tag","embeddable":true,"href":"https:\/\/zonaroja.com.mx\/index.php?rest_route=%2Fwp%2Fv2%2Ftags&post=77321"}],"curies":[{"name":"wp","href":"https:\/\/api.w.org\/{rel}","templated":true}]}}