{"id":77332,"date":"2025-02-08T14:49:00","date_gmt":"2025-02-08T20:49:00","guid":{"rendered":"https:\/\/zonaroja.com.mx\/?p=77332"},"modified":"2025-02-08T07:54:01","modified_gmt":"2025-02-08T13:54:01","slug":"denuncia-hamas-violacion-al-cese-el-fuego-en-la-franja-de-gaza","status":"publish","type":"post","link":"https:\/\/zonaroja.com.mx\/?p=77332","title":{"rendered":"Denuncia Hamas violaci\u00f3n al cese el fuego en la franja de Gaza"},"content":{"rendered":"\n<p>Redacci\u00f3n\/Zona Roja Cdmx.<\/p>\n\n\n\n<p>Ciudad de M\u00e9xico, a 8 de febrero de 2025.- Hamas acus\u00f3 a Israel de m\u00faltiples incumplimientos al acuerdo de alto el fuego un d\u00eda antes del nuevo intercambio de tres rehenes por prisioneros palestinos, previsto para hoy, en un contexto de incertidumbre tras los comentarios del mandatario estadunidense, Donald Trump, sobre la construcci\u00f3n de una \u201cRiviera de Medio Oriente\u201d, sin su poblaci\u00f3n y bajo control de Washington. En tanto, el Fondo de Naciones Unidas para la Infancia (Unicef) denunci\u00f3 que un mill\u00f3n de menores de edad en Gaza sufre traumas sicol\u00f3gicos a consecuencia de la ofensiva israel\u00ed.<\/p>\n\n\n\n<p>Adem\u00e1s de retrasar la entrada de cientos de camiones con alimentos y otros suministros humanitarios a Gaza, el Movimiento de Resistencia Isl\u00e1mica indic\u00f3 que Tel Aviv s\u00f3lo permiti\u00f3 el ingreso de una fracci\u00f3n de las tiendas y casas m\u00f3viles necesarias para proporcionar refugio a las personas que regresan a sus hogares bombardeados. Afirm\u00f3 en un comunicado: \u201cla catastr\u00f3fica situaci\u00f3n humanitaria contin\u00faa deterior\u00e1ndose de manera peligrosa\u201d.<\/p>\n\n\n\n<p>La publicaci\u00f3n de los nombres de los rehenes que ser\u00e1n liberados se retras\u00f3 ayer a ra\u00edz de las acusaciones de Hamas; en tanto, la siguiente fase del acuerdo de tregua se est\u00e1 discutiendo a\u00fan con tropas desplegadas en la franja de Gaza.<\/p>\n\n\n\n<p>Por su parte, el primer ministro israel\u00ed, Benjamin Netanyahu, respald\u00f3 la visi\u00f3n del presidente estadunidense para el enclave palestino \u2013el cual consider\u00f3 un plan \u201cextraordinario\u201d\u2013 el mismo que de inmediato fue rechazado por los pa\u00edses \u00e1rabes y grupos palestinos, incluidos Hamas y la Autoridad Palestina.<\/p>\n\n\n\n<p>Decididos a reconstruir sus propios restaurantes y hoteles frente al mar, los gazat\u00edes tambi\u00e9n se oponen a los planes de Estados Unidos de crear la \u201cRiviera de Oriente Medio\u201d<\/p>\n\n\n\n<p>El enclave costero fue un popular destino para los turistas israel\u00edes donde restaurantes y caf\u00e9s junto a la playa se alineaban en su paseo por las costas, incluso despu\u00e9s de la toma del territorio por Hamas en 2007, record\u00f3 la agencia informativa Reuters.<\/p>\n\n\n\n<p>Hoy, en medio de la gran destrucci\u00f3n del enclave \u201clas condiciones de vida de las familias all\u00ed son peligrosas, necesitan agua potable, cobijas y ayuda de todo tipo\u201d, se\u00f1al\u00f3 Unicef, que llam\u00f3 la atenci\u00f3n sobre la salud mental de sus habitantes, en especial de los ni\u00f1os.<\/p>\n\n\n\n<p>Seg\u00fan datos oficiales, entre las v\u00edctimas mortales de los embates israel\u00edes sobre la franja hay 17 mil 881 menores de edad, incluidos 214 beb\u00e9s que nacieron y murieron durante la campa\u00f1a b\u00e9lica y a los que se suman 38 mil que quedaron hu\u00e9rfanos, adem\u00e1s de otros 17 mil que perdieron a ambos padres, record\u00f3 el medio noticioso Prensa Latina.<\/p>\n\n\n\n<p>Por otra parte, miles de palestinos huyeron de Cisjordania reocupada obligados por las incursiones israel\u00edes, en lo que comienza a llamarse la \u201cGaza-ficaci\u00f3n\u201d del territorio, inform\u00f3 el medio de comunicaci\u00f3n catar\u00ed Al-Jazeera, en momentos en que el gobierno de Netanyahu orden\u00f3 e hizo ejecutar la demolici\u00f3n de varias casas palestinas en el campo de refugiados de Jen\u00edn, indic\u00f3 Wafa, la agencia oficial de noticias palestina.<\/p>\n\n\n\n<p>(Informaci\u00f3n de las agencias Reuters y Prensa Latina en \u201cLa Jornada\u201d)<\/p>\n","protected":false},"excerpt":{"rendered":"<p>Redacci\u00f3n\/Zona Roja Cdmx. Ciudad de M\u00e9xico, a 8 de febrero de 2025.- Hamas acus\u00f3 a&hellip;<\/p>\n","protected":false},"author":2,"featured_media":77333,"comment_status":"closed","ping_status":"open","sticky":false,"template":"","format":"standard","meta":{"_lmt_disableupdate":"","_lmt_disable":"","_jetpack_memberships_contains_paid_content":false,"footnotes":""},"categories":[109,47],"tags":[2668],"class_list":["post-77332","post","type-post","status-publish","format-standard","has-post-thumbnail","hentry","category-minuto-a-minuto","category-zona-gris","tag-conflicto-gaza-israel"],"jetpack_featured_media_url":"https:\/\/zonaroja.com.mx\/wp-content\/uploads\/2025\/02\/Franja-de-Gaza-destruccion.jpg","jetpack_sharing_enabled":true,"_links":{"self":[{"href":"https:\/\/zonaroja.com.mx\/index.php?rest_route=\/wp\/v2\/posts\/77332","targetHints":{"allow":["GET"]}}],"collection":[{"href":"https:\/\/zonaroja.com.mx\/index.php?rest_route=\/wp\/v2\/posts"}],"about":[{"href":"https:\/\/zonaroja.com.mx\/index.php?rest_route=\/wp\/v2\/types\/post"}],"author":[{"embeddable":true,"href":"https:\/\/zonaroja.com.mx\/index.php?rest_route=\/wp\/v2\/users\/2"}],"replies":[{"embeddable":true,"href":"https:\/\/zonaroja.com.mx\/index.php?rest_route=%2Fwp%2Fv2%2Fcomments&post=77332"}],"version-history":[{"count":1,"href":"https:\/\/zonaroja.com.mx\/index.php?rest_route=\/wp\/v2\/posts\/77332\/revisions"}],"predecessor-version":[{"id":77334,"href":"https:\/\/zonaroja.com.mx\/index.php?rest_route=\/wp\/v2\/posts\/77332\/revisions\/77334"}],"wp:featuredmedia":[{"embeddable":true,"href":"https:\/\/zonaroja.com.mx\/index.php?rest_route=\/wp\/v2\/media\/77333"}],"wp:attachment":[{"href":"https:\/\/zonaroja.com.mx\/index.php?rest_route=%2Fwp%2Fv2%2Fmedia&parent=77332"}],"wp:term":[{"taxonomy":"category","embeddable":true,"href":"https:\/\/zonaroja.com.mx\/index.php?rest_route=%2Fwp%2Fv2%2Fcategories&post=77332"},{"taxonomy":"post_tag","embeddable":true,"href":"https:\/\/zonaroja.com.mx\/index.php?rest_route=%2Fwp%2Fv2%2Ftags&post=77332"}],"curies":[{"name":"wp","href":"https:\/\/api.w.org\/{rel}","templated":true}]}}