{"id":77338,"date":"2025-02-09T07:34:00","date_gmt":"2025-02-09T13:34:00","guid":{"rendered":"https:\/\/zonaroja.com.mx\/?p=77338"},"modified":"2025-02-09T06:11:21","modified_gmt":"2025-02-09T12:11:21","slug":"en-una-semana-localiza-fiscalia-a-7-personas-reportadas-como-desaparecidas","status":"publish","type":"post","link":"https:\/\/zonaroja.com.mx\/?p=77338","title":{"rendered":"En una semana, localiza Fiscal\u00eda a 7 personas reportadas como desaparecidas"},"content":{"rendered":"\n<p>Redacci\u00f3n\/Zona Roja.<\/p>\n\n\n\n<p>Oaxaca de Ju\u00e1rez a 9 de febrero de 2025.- Como resultado de los trabajos de b\u00fasqueda de personas, la Fiscal\u00eda General del Estado de Oaxaca (FGEO) logr\u00f3 dar con el paradero de siete personas que estaban reportadas como No Localizadas, hechos que sucedieron en diferentes puntos de las regiones Valles Centrales e Istmo.<\/p>\n\n\n\n<p>Luego de recibir la denuncia por parte de familiares de las v\u00edctimas, la FGEO, a trav\u00e9s la Unidad de B\u00fasqueda de Personas Desaparecidas y No Localizadas (DNOL) perteneciente a la Vicefiscal\u00eda General de Atenci\u00f3n a V\u00edctimas y la Sociedad, activ\u00f3 los protocolos de b\u00fasqueda correspondientes para llevar a cabo los trabajos especializados en b\u00fasqueda y localizaci\u00f3n.<\/p>\n\n\n\n<p>Gracias a dichas labores, la Instituci\u00f3n procuradora de justicia estableci\u00f3 el paradero de C.A.M.R., quien fue reportado como No Localizado y visto por \u00faltima vez en su domicilio ubicado en el municipio de San Pedro Ixtlahuaca.<\/p>\n\n\n\n<p>Mientras que, D.Y.J.R. fue vista por \u00faltima vez al salir de su domicilio ubicado en el municipio de Ejutla de Crespo, quien ya fue localizada y restituida con su familia.<\/p>\n\n\n\n<p>En tanto que, la Fiscal\u00eda de Oaxaca tambi\u00e9n recibi\u00f3 una denuncia por la No Localizaci\u00f3n de I.O.B., quien fue visto por \u00faltima vez al salir de su domicilio ubicado en el municipio de San Jacinto Amilpas, a partir de lo cual se realizaron los trabajos que permitieron su localizaci\u00f3n.<\/p>\n\n\n\n<p>Otro caso es el de una adolescente identificada como C.A.C.B., de 16 a\u00f1os, quien fue vista por \u00faltima vez el 27 de noviembre de 2024, mientras se encontraba en el z\u00f3calo de la ciudad de Oaxaca de Ju\u00e1rez, quien fue localizada el 05 de febrero de 2025.<\/p>\n\n\n\n<p>Uno m\u00e1s es de una adolescente de 13 a\u00f1os identificada como K.B.C.C., quien fue vista por \u00faltima vez en la colonia Lomas de San Jacinto el 4 de febrero, misma que fue localizada el 05 de febrero, y restituida con sus familiares.<\/p>\n\n\n\n<p>Otro es de una mujer identificada como K.R.P.C.M., quien fue vista por \u00faltima vez el 01 de febrero, la v\u00edctima tambi\u00e9n fue localizada el 05 de febrero.<\/p>\n\n\n\n<p>Mientras que, en la regi\u00f3n del Istmo de Tehuantepec, la Vicefiscal\u00eda Regional localiz\u00f3 a una mujer adulta mayor identificada como S.C.E., quien fue reportada como No localizada el 4 de febrero, misma que fue encontrada al d\u00eda siguiente, el 05 de febrero.<\/p>\n","protected":false},"excerpt":{"rendered":"<p>Redacci\u00f3n\/Zona Roja. Oaxaca de Ju\u00e1rez a 9 de febrero de 2025.- Como resultado de los&hellip;<\/p>\n","protected":false},"author":2,"featured_media":68047,"comment_status":"closed","ping_status":"open","sticky":false,"template":"","format":"standard","meta":{"_lmt_disableupdate":"","_lmt_disable":"","_jetpack_memberships_contains_paid_content":false,"footnotes":""},"categories":[109,46],"tags":[494],"class_list":["post-77338","post","type-post","status-publish","format-standard","has-post-thumbnail","hentry","category-minuto-a-minuto","category-zona-blanca","tag-fiscalia-general-del-estado-de-oaxaca"],"jetpack_featured_media_url":"https:\/\/zonaroja.com.mx\/wp-content\/uploads\/2024\/05\/Busqueda-de-Desaparecidos-Unidad-no-localizados.jpeg","jetpack_sharing_enabled":true,"_links":{"self":[{"href":"https:\/\/zonaroja.com.mx\/index.php?rest_route=\/wp\/v2\/posts\/77338","targetHints":{"allow":["GET"]}}],"collection":[{"href":"https:\/\/zonaroja.com.mx\/index.php?rest_route=\/wp\/v2\/posts"}],"about":[{"href":"https:\/\/zonaroja.com.mx\/index.php?rest_route=\/wp\/v2\/types\/post"}],"author":[{"embeddable":true,"href":"https:\/\/zonaroja.com.mx\/index.php?rest_route=\/wp\/v2\/users\/2"}],"replies":[{"embeddable":true,"href":"https:\/\/zonaroja.com.mx\/index.php?rest_route=%2Fwp%2Fv2%2Fcomments&post=77338"}],"version-history":[{"count":2,"href":"https:\/\/zonaroja.com.mx\/index.php?rest_route=\/wp\/v2\/posts\/77338\/revisions"}],"predecessor-version":[{"id":77340,"href":"https:\/\/zonaroja.com.mx\/index.php?rest_route=\/wp\/v2\/posts\/77338\/revisions\/77340"}],"wp:featuredmedia":[{"embeddable":true,"href":"https:\/\/zonaroja.com.mx\/index.php?rest_route=\/wp\/v2\/media\/68047"}],"wp:attachment":[{"href":"https:\/\/zonaroja.com.mx\/index.php?rest_route=%2Fwp%2Fv2%2Fmedia&parent=77338"}],"wp:term":[{"taxonomy":"category","embeddable":true,"href":"https:\/\/zonaroja.com.mx\/index.php?rest_route=%2Fwp%2Fv2%2Fcategories&post=77338"},{"taxonomy":"post_tag","embeddable":true,"href":"https:\/\/zonaroja.com.mx\/index.php?rest_route=%2Fwp%2Fv2%2Ftags&post=77338"}],"curies":[{"name":"wp","href":"https:\/\/api.w.org\/{rel}","templated":true}]}}