{"id":77341,"date":"2025-02-09T08:45:00","date_gmt":"2025-02-09T14:45:00","guid":{"rendered":"https:\/\/zonaroja.com.mx\/?p=77341"},"modified":"2025-02-09T06:23:35","modified_gmt":"2025-02-09T12:23:35","slug":"arrecia-violencia-en-el-istmo-dos-ejecutados-en-juchitan","status":"publish","type":"post","link":"https:\/\/zonaroja.com.mx\/?p=77341","title":{"rendered":"Arrecia violencia en el Istmo: dos ejecutados en Juchit\u00e1n"},"content":{"rendered":"\n<p>Ismael Garc\u00eda M.\/Zona Roja. Foto: captura de pantalla.<\/p>\n\n\n\n<p>Oaxaca de Ju\u00e1rez, Oax., a 9 de febrero de 2025.- Tras una pausa de dos d\u00edas, la violencia criminal regres\u00f3 a la regi\u00f3n del Istmo de Tehuantepec.<\/p>\n\n\n\n<p>La madrugada de este domingo, una persona del sexo masculino fue ejecutada a balazos en Juchit\u00e1n de Zaragoza.<\/p>\n\n\n\n<p>El cuerpo sin vida con varios impactos de arma de fuego fue localizado en la calle Alfonso Rodr\u00edguez Dom\u00ednguez del fraccionamiento Los Nietos de dicha ciudad istme\u00f1a; hasta el momento la v\u00edctima no ha sido identificada.<\/p>\n\n\n\n<p>Mientras que anoche en la S\u00e9ptima Secci\u00f3n, un individuo fue ejecutado a balazos cuando intentaba ingresar a su domicilio, en la calle Melchor Ocampo.<\/p>\n\n\n\n<p>Sujetos armados lo acribillaron tras lo cual emprendieron la huida; la v\u00edctima fue identificada por sus familiares como Vicente S. R.<\/p>\n\n\n\n<p>En tanto que una persona fue golpeada, tambi\u00e9n la noche de ayer s\u00e1bado, en la calle Libertad de la Sexta Secci\u00f3n de Juchit\u00e1n.<\/p>\n\n\n\n<p>A\u00fan se desconocen las causas por las cuales el individuo fue agredido, tras lo cual fue atendido por sus familiares.<\/p>\n\n\n\n<p>Los casos recientes son investigados por la Vicefiscal\u00eda Regional del Istmo, dependiente de la Fiscal\u00eda General del Estado de Oaxaca, con la finalidad de dar con el paradero de los responsables y llevarlos ante la justicia.<\/p>\n","protected":false},"excerpt":{"rendered":"<p>Ismael Garc\u00eda M.\/Zona Roja. Foto: captura de pantalla. Oaxaca de Ju\u00e1rez, Oax., a 9 de&hellip;<\/p>\n","protected":false},"author":2,"featured_media":77342,"comment_status":"closed","ping_status":"open","sticky":false,"template":"","format":"standard","meta":{"_lmt_disableupdate":"","_lmt_disable":"","_jetpack_memberships_contains_paid_content":false,"footnotes":""},"categories":[109,51],"tags":[297],"class_list":["post-77341","post","type-post","status-publish","format-standard","has-post-thumbnail","hentry","category-minuto-a-minuto","category-zona-roja","tag-ejecutado-juchitan"],"jetpack_featured_media_url":"https:\/\/zonaroja.com.mx\/wp-content\/uploads\/2025\/02\/Ejecutado-sabado-Juchitan-.jpg","jetpack_sharing_enabled":true,"_links":{"self":[{"href":"https:\/\/zonaroja.com.mx\/index.php?rest_route=\/wp\/v2\/posts\/77341","targetHints":{"allow":["GET"]}}],"collection":[{"href":"https:\/\/zonaroja.com.mx\/index.php?rest_route=\/wp\/v2\/posts"}],"about":[{"href":"https:\/\/zonaroja.com.mx\/index.php?rest_route=\/wp\/v2\/types\/post"}],"author":[{"embeddable":true,"href":"https:\/\/zonaroja.com.mx\/index.php?rest_route=\/wp\/v2\/users\/2"}],"replies":[{"embeddable":true,"href":"https:\/\/zonaroja.com.mx\/index.php?rest_route=%2Fwp%2Fv2%2Fcomments&post=77341"}],"version-history":[{"count":1,"href":"https:\/\/zonaroja.com.mx\/index.php?rest_route=\/wp\/v2\/posts\/77341\/revisions"}],"predecessor-version":[{"id":77343,"href":"https:\/\/zonaroja.com.mx\/index.php?rest_route=\/wp\/v2\/posts\/77341\/revisions\/77343"}],"wp:featuredmedia":[{"embeddable":true,"href":"https:\/\/zonaroja.com.mx\/index.php?rest_route=\/wp\/v2\/media\/77342"}],"wp:attachment":[{"href":"https:\/\/zonaroja.com.mx\/index.php?rest_route=%2Fwp%2Fv2%2Fmedia&parent=77341"}],"wp:term":[{"taxonomy":"category","embeddable":true,"href":"https:\/\/zonaroja.com.mx\/index.php?rest_route=%2Fwp%2Fv2%2Fcategories&post=77341"},{"taxonomy":"post_tag","embeddable":true,"href":"https:\/\/zonaroja.com.mx\/index.php?rest_route=%2Fwp%2Fv2%2Ftags&post=77341"}],"curies":[{"name":"wp","href":"https:\/\/api.w.org\/{rel}","templated":true}]}}