{"id":77344,"date":"2025-02-09T09:23:00","date_gmt":"2025-02-09T15:23:00","guid":{"rendered":"https:\/\/zonaroja.com.mx\/?p=77344"},"modified":"2025-02-09T09:57:49","modified_gmt":"2025-02-09T15:57:49","slug":"accidente-fatal-en-supercarretera-a-la-costa-deja-cuatro-muertos","status":"publish","type":"post","link":"https:\/\/zonaroja.com.mx\/?p=77344","title":{"rendered":"Accidentes carreteros dejan en Oaxaca cinco muertos"},"content":{"rendered":"\n<p>Raymundo Morales\/Zona Roja.<\/p>\n\n\n\n<p>Oaxaca de Ju\u00e1rez, Oax., a 9 de febrero de 2025.- Al menos cuatro personas, una de ellas del sexo femenino, perdieron la vida anoche a causa de un accidente vial en la supercarretera Oaxaca-Puerto Escondido.<\/p>\n\n\n\n<p>De acuerdo con los primeros informes, el percance ocurri\u00f3 en el tramo Barranca Larga-Ventanilla, a la altura del acceso al primer t\u00fanel.<\/p>\n\n\n\n<p>Se trata de los ocupantes de un coche marca Nissan, tipo Tsuru, habilitado como taxi colectivo del sitio \u201cNueva Creaci\u00f3n\u201d de la Villa de Zaachila.<\/p>\n\n\n\n<p>Hasta el momento se desconocen las causas del percance as\u00ed como la identidad de las v\u00edctimas, algunas de las cuales quedaron aplastadas por la unidad de motor.<\/p>\n\n\n\n<p>Cuerpos de emergencia arribaron a la zona para brindar auxilio y corroboraron que las cuatro personas ya no contaban con signos vitales.<\/p>\n\n\n\n<p>Otra tragedia ocurri\u00f3 la ma\u00f1ana de hoy en la carretera Oaxaca-Puerto \u00c1ngel, a la altura del municipio de \u00c1nimas Trujano. <\/p>\n\n\n\n<p>El conductor de un veh\u00edculo choc\u00f3 contra un sem\u00e1foro, por lo cual perdi\u00f3 la vida en el mismo lugar. <\/p>\n\n\n\n<p>Una serie de accidentes carreteros se suscitaron entre la tarde y noche de ayer, uno de ellos en la v\u00eda federal 190 Oaxaca-Istmo, a unos metros del crucero del monumento a don Benito Ju\u00e1rez y carretera a Tuxtepec, donde volc\u00f3 una unidad de motor, con saldo preliminar de un herido.<\/p>\n\n\n\n<p>Otro percance ocurri\u00f3 en la avenida Eduardo Mata de la ciudad de Oaxaca, a la altura del fraccionamiento La Noria, donde tambi\u00e9n hubo un choque que dej\u00f3 al menos dos lesionados.<\/p>\n\n\n\n<p>Otro accidente entre dos motocicletas y un coche se registr\u00f3 en la carretera federal 131 Oaxaca-Puerto Escondido, a la altura de la colonia Olimpo de la Villa de Zaachila, que dej\u00f3 dos personas heridas.<\/p>\n","protected":false},"excerpt":{"rendered":"<p>Raymundo Morales\/Zona Roja. Oaxaca de Ju\u00e1rez, Oax., a 9 de febrero de 2025.- Al menos&hellip;<\/p>\n","protected":false},"author":2,"featured_media":77345,"comment_status":"closed","ping_status":"open","sticky":false,"template":"","format":"standard","meta":{"_lmt_disableupdate":"","_lmt_disable":"","_jetpack_memberships_contains_paid_content":false,"footnotes":""},"categories":[109,47],"tags":[3416],"class_list":["post-77344","post","type-post","status-publish","format-standard","has-post-thumbnail","hentry","category-minuto-a-minuto","category-zona-gris","tag-accidentes-carreteros-oaxaca"],"jetpack_featured_media_url":"https:\/\/zonaroja.com.mx\/wp-content\/uploads\/2025\/02\/Accidente-taxi-Zaachila-supercarretera-Puerto-Escondido.jpg","jetpack_sharing_enabled":true,"_links":{"self":[{"href":"https:\/\/zonaroja.com.mx\/index.php?rest_route=\/wp\/v2\/posts\/77344","targetHints":{"allow":["GET"]}}],"collection":[{"href":"https:\/\/zonaroja.com.mx\/index.php?rest_route=\/wp\/v2\/posts"}],"about":[{"href":"https:\/\/zonaroja.com.mx\/index.php?rest_route=\/wp\/v2\/types\/post"}],"author":[{"embeddable":true,"href":"https:\/\/zonaroja.com.mx\/index.php?rest_route=\/wp\/v2\/users\/2"}],"replies":[{"embeddable":true,"href":"https:\/\/zonaroja.com.mx\/index.php?rest_route=%2Fwp%2Fv2%2Fcomments&post=77344"}],"version-history":[{"count":2,"href":"https:\/\/zonaroja.com.mx\/index.php?rest_route=\/wp\/v2\/posts\/77344\/revisions"}],"predecessor-version":[{"id":77360,"href":"https:\/\/zonaroja.com.mx\/index.php?rest_route=\/wp\/v2\/posts\/77344\/revisions\/77360"}],"wp:featuredmedia":[{"embeddable":true,"href":"https:\/\/zonaroja.com.mx\/index.php?rest_route=\/wp\/v2\/media\/77345"}],"wp:attachment":[{"href":"https:\/\/zonaroja.com.mx\/index.php?rest_route=%2Fwp%2Fv2%2Fmedia&parent=77344"}],"wp:term":[{"taxonomy":"category","embeddable":true,"href":"https:\/\/zonaroja.com.mx\/index.php?rest_route=%2Fwp%2Fv2%2Fcategories&post=77344"},{"taxonomy":"post_tag","embeddable":true,"href":"https:\/\/zonaroja.com.mx\/index.php?rest_route=%2Fwp%2Fv2%2Ftags&post=77344"}],"curies":[{"name":"wp","href":"https:\/\/api.w.org\/{rel}","templated":true}]}}