{"id":77347,"date":"2025-02-09T10:49:00","date_gmt":"2025-02-09T16:49:00","guid":{"rendered":"https:\/\/zonaroja.com.mx\/?p=77347"},"modified":"2025-02-09T06:56:31","modified_gmt":"2025-02-09T12:56:31","slug":"domingos-2-y-9-de-marzo-elegiran-a-agentes-municipales-en-oaxaca-de-juarez","status":"publish","type":"post","link":"https:\/\/zonaroja.com.mx\/?p=77347","title":{"rendered":"Domingos 2 y 9 de marzo elegir\u00e1n a agentes municipales en Oaxaca de Ju\u00e1rez"},"content":{"rendered":"\n<p>Redacci\u00f3n\/Zona Roja.<\/p>\n\n\n\n<p>Oaxaca de Ju\u00e1rez, Oax., a 9 de febrero de 2025.- El ayuntamiento de Oaxaca de Ju\u00e1rez, mediante la Comisi\u00f3n de Gobierno de Territorio, Normatividad, Nomenclatura, de Mercados y Comercio en la V\u00eda P\u00fablica convocan a ciudadanas y ciudadanos de las agencias municipales y de polic\u00eda para que en el pleno uso de sus derechos pol\u00edticos participen en en el proceso democr\u00e1tico de elecci\u00f3n de los agentes municipales y de polic\u00eda.&nbsp;<\/p>\n\n\n\n<p>Las jornadas se realizar\u00e1n los d\u00edas 2 y 9 de marzo del presente a\u00f1o, donde podr\u00e1n participar quienes cuenten con la ciudadan\u00eda mexicana, residan en la agencia municipal y de polic\u00eda por un periodo de un a\u00f1o antes a su postulaci\u00f3n.<\/p>\n\n\n\n<p>Deber\u00e1n presentar una constancia de origen y vecindad expedida por la Secretar\u00eda Municipal; no deber\u00e1n ser servidores p\u00fablicos de la administraci\u00f3n municipal, ni pertenecer a las fuerzas armadas federales, fuerzas estatales o de seguridad p\u00fablica municipal.&nbsp;<\/p>\n\n\n\n<p>En cuanto a los documentos solicitados se encuentran la Credencial para votar vigente, certificado de antecedentes no penales, constancia de no inhabilitaci\u00f3n como servidor p\u00fablico y una constancia de no deudor alimentario.&nbsp;<\/p>\n\n\n\n<p>La presentaci\u00f3n de la documentaci\u00f3n para el registro de las f\u00f3rmulas se realizar\u00e1 el 10 de febrero de 2025 de 9:00 a 17:00 horas en la oficina de la Direcci\u00f3n de Agencias, Barrios y Colonias, ubicadas en Privada de la Ca\u00f1ada 304 &nbsp;Fraccionamiento San Jos\u00e9 La Noria.<\/p>\n\n\n\n<p>El periodo de campa\u00f1a iniciar\u00e1 el 17 de febrero y culminar\u00e1 tres d\u00edas antes previos a la jornada electoral.&nbsp;<\/p>\n\n\n\n<p>El 2 de marzo se realizar\u00e1 la elecci\u00f3n en Candiani, Cinco Se\u00f1ores, Dolores, Pueblo Nuevo, San Juan Chapultepec, San Mart\u00edn Mexic\u00e1pam de C\u00e1rdenas y Santa Rosa Panzacola.<\/p>\n\n\n\n<p>El 9 de marzo en Donaj\u00ed, Guadalupe Victoria, Montoya, San Luis Beltr\u00e1n y Trinidad de Viguera.&nbsp;<\/p>\n\n\n\n<p>Seg\u00fan el Bando de Polic\u00eda y Gobierno, las autoridades auxiliares tienen una duraci\u00f3n en el cargo por tres a\u00f1os.&nbsp;<\/p>\n\n\n\n<p>LAS ATRIBUCIONES<\/p>\n\n\n\n<p>Vigilar el cumplimiento de las disposiciones y reglamentos que expida el Ayuntamiento, as\u00ed como las disposiciones legales, federales y estatales.&nbsp;<\/p>\n\n\n\n<p>Promover el establecimiento de los servicios p\u00fablicos y vigilar su funcionamiento, as\u00ed como coadyuvar en los comit\u00e9s de participaci\u00f3n ciudadana de su \u00e1mbito territorial.&nbsp;<\/p>\n\n\n\n<p>Deber\u00e1 informar anualmente en asamblea sobre el monto, destino y aplicaci\u00f3n de los recursos proporcionados por el Ayuntamiento.&nbsp;<\/p>\n\n\n\n<p>Participar con voz y voto en el Consejo de Desarrollo Social Municipal para la priorizaci\u00f3n de sus obras.<\/p>\n\n\n\n<p>Promover la capacitaci\u00f3n ciudadana, vecinal, y comunitaria sobre las pol\u00edticas p\u00fablicas respecto de la separaci\u00f3n de residuos s\u00f3lidos urbanos para la correcta recolecci\u00f3n, traslado, tratamiento y dep\u00f3sito final.<\/p>\n\n\n\n<p>La convocatoria est\u00e1 disponible en el portal de Internet del Ayuntamiento de Oaxaca de Ju\u00e1rez:<\/p>\n\n\n\n<figure class=\"wp-block-embed\"><div class=\"wp-block-embed__wrapper\">\nhttps:\/\/www.municipiodeoaxaca.gob.mx\n<\/div><\/figure>\n","protected":false},"excerpt":{"rendered":"<p>Redacci\u00f3n\/Zona Roja. Oaxaca de Ju\u00e1rez, Oax., a 9 de febrero de 2025.- El ayuntamiento de&hellip;<\/p>\n","protected":false},"author":2,"featured_media":77348,"comment_status":"closed","ping_status":"open","sticky":false,"template":"","format":"standard","meta":{"_lmt_disableupdate":"","_lmt_disable":"","_jetpack_memberships_contains_paid_content":false,"footnotes":""},"categories":[109,46],"tags":[148],"class_list":["post-77347","post","type-post","status-publish","format-standard","has-post-thumbnail","hentry","category-minuto-a-minuto","category-zona-blanca","tag-oaxaca-de-juarez"],"jetpack_featured_media_url":"https:\/\/zonaroja.com.mx\/wp-content\/uploads\/2025\/02\/Oaxaca-de-Juarez-ciudad.JPG.webp","jetpack_sharing_enabled":true,"_links":{"self":[{"href":"https:\/\/zonaroja.com.mx\/index.php?rest_route=\/wp\/v2\/posts\/77347","targetHints":{"allow":["GET"]}}],"collection":[{"href":"https:\/\/zonaroja.com.mx\/index.php?rest_route=\/wp\/v2\/posts"}],"about":[{"href":"https:\/\/zonaroja.com.mx\/index.php?rest_route=\/wp\/v2\/types\/post"}],"author":[{"embeddable":true,"href":"https:\/\/zonaroja.com.mx\/index.php?rest_route=\/wp\/v2\/users\/2"}],"replies":[{"embeddable":true,"href":"https:\/\/zonaroja.com.mx\/index.php?rest_route=%2Fwp%2Fv2%2Fcomments&post=77347"}],"version-history":[{"count":1,"href":"https:\/\/zonaroja.com.mx\/index.php?rest_route=\/wp\/v2\/posts\/77347\/revisions"}],"predecessor-version":[{"id":77349,"href":"https:\/\/zonaroja.com.mx\/index.php?rest_route=\/wp\/v2\/posts\/77347\/revisions\/77349"}],"wp:featuredmedia":[{"embeddable":true,"href":"https:\/\/zonaroja.com.mx\/index.php?rest_route=\/wp\/v2\/media\/77348"}],"wp:attachment":[{"href":"https:\/\/zonaroja.com.mx\/index.php?rest_route=%2Fwp%2Fv2%2Fmedia&parent=77347"}],"wp:term":[{"taxonomy":"category","embeddable":true,"href":"https:\/\/zonaroja.com.mx\/index.php?rest_route=%2Fwp%2Fv2%2Fcategories&post=77347"},{"taxonomy":"post_tag","embeddable":true,"href":"https:\/\/zonaroja.com.mx\/index.php?rest_route=%2Fwp%2Fv2%2Ftags&post=77347"}],"curies":[{"name":"wp","href":"https:\/\/api.w.org\/{rel}","templated":true}]}}