{"id":77350,"date":"2025-02-09T18:56:00","date_gmt":"2025-02-10T00:56:00","guid":{"rendered":"https:\/\/zonaroja.com.mx\/?p=77350"},"modified":"2025-02-09T19:27:21","modified_gmt":"2025-02-10T01:27:21","slug":"la-prensa-extranjera-vincula-a-morena-con-el-narco","status":"publish","type":"post","link":"https:\/\/zonaroja.com.mx\/?p=77350","title":{"rendered":"La prensa extranjera vincula a Morena con el narco"},"content":{"rendered":"\n<p>Redacci\u00f3n\/Zona Roja Cdmx.<\/p>\n\n\n\n<p>Ciudad de M\u00e9xico, a 9 de febrero de 2025.- No solamente pol\u00edticos opositores, medios extranjeros como \u201cThe New York Times\u201d y \u201cProPublica\u201d han publicado investigaciones y reportajes sobre los supuestos nexos de gente cercana al expresidente Andr\u00e9s Manuel L\u00f3pez Obrador con organizaciones como el C\u00e1rtel del Sinaloa. En su momento, el tabasque\u00f1o esgrimi\u00f3 los se\u00f1alamientos y dijo que era una campa\u00f1a de desprestigio y una guerra sucia en su contra para deslegitimar su gobierno.<\/p>\n\n\n\n<p>Y aunque el exmandatario ya se fue a \u201cLa Chingada\u201d \u2013su rancho ubicado en Palenque, Chiapas\u2013 todav\u00eda hay diversos medios de comunicaci\u00f3n internacionales que lo asocian con el narcotr\u00e1fico.<\/p>\n\n\n\n<p>\u201cTHE SPECTATOR\u201d<\/p>\n\n\n\n<p>La revista brit\u00e1nica \u201cThe Spectator\u201d se sum\u00f3 a la lista de medios extranjeros que vinculan a L\u00f3pez Obrador con el C\u00e1rtel de Sinaloa.<\/p>\n\n\n\n<p>En una pieza publicada el pasado 3 de febrero titulada \u201cS\u00ed, hay una alianza entre el Estado mexicano y los c\u00e1rteles\u201d, el comentarista estadounidense y colaborador en la administraci\u00f3n de George W. Bush, Joshua Trevi\u00f1o, consider\u00f3 que el fundador de Morena tuvo una estrecha relaci\u00f3n con dicho grupo criminal,<\/p>\n\n\n\n<p>Trevi\u00f1o argument\u00f3 que las acciones que reflejar\u00edan el v\u00ednculo de AMLO con el C\u00e1rtel de Sinaloa habr\u00edan sido sus visitas a Badiraguato, tierra natal de Joaqu\u00edn \u2018El Chapo\u2019 Guzm\u00e1n; el saludo que tuvo con la mam\u00e1 del capo; la liberaci\u00f3n de Ovidio Guzm\u00e1n tras el \u2018Culiacanazo\u2019; y la supuesta expulsi\u00f3n de agentes estadounidenses del territorio mexicano que investigaban las actividades de los c\u00e1rteles.<\/p>\n\n\n\n<p>Adem\u00e1s de estos planteamientos, el art\u00edculo apunta a que Morena tendr\u00eda a militantes como Cuitl\u00e1huac Garc\u00eda, exgobernador de Veracruz, y Ad\u00e1n Augusto L\u00f3pez, exmandatario de Tabasco, que habr\u00edan permitido la entrada de grupos criminales en las entidades que gobernaban.<\/p>\n\n\n\n<p>DESPLIEGUE EN EU<\/p>\n\n\n\n<p>Trevi\u00f1o estableci\u00f3 en la publicaci\u00f3n que Morena tambi\u00e9n habr\u00eda buscado intervenir en la vida pol\u00edtica de Estados Unidos.<\/p>\n\n\n\n<p>Primero, describe c\u00f3mo presuntamente existen c\u00e9lulas del partido en distintas ciudades, que en su momento convocaron a marchas para defender a L\u00f3pez Obrador.<\/p>\n\n\n\n<p>Luego, apunta a la protecci\u00f3n que ofrecen los consulados a inmigrantes indocumentados, acci\u00f3n que seg\u00fan \u00e9l, facilita el env\u00edo de remesas a grupos criminales.<\/p>\n\n\n\n<p>Y finalmente, advierte de la ret\u00f3rica que ha usado en territorio estadounidense para influir en el voto de los connacionales.<\/p>\n\n\n\n<p>El art\u00edculo deja en claro que no es que Donald Trump haya declarado a M\u00e9xico como un \u201cnarcor\u00e9gimen\u201d, sino que es algo que ya ven\u00eda de tiempo atr\u00e1s.<\/p>\n\n\n\n<p>LAS RESPUESTAS<\/p>\n\n\n\n<p>Recientemente La Casa Blanca vincul\u00f3 al gobierno mexicano con el crimen organizado, se\u00f1alamientos que tanto la presidenta Claudia Sheinbaum, como otros morenistas calificaron como \u201ccalumnias\u201d.<\/p>\n\n\n\n<p>Sheinbaum, reaccion\u00f3 al comunicado y tild\u00f3 las acusaciones como \u201ccalumnias\u201d, adem\u00e1s enfatiz\u00f3 la complicidad de armadoras estadounidenses para el tr\u00e1fico de armas del que se benefician grupos criminales.<\/p>\n\n\n\n<p>Adem\u00e1s de que hizo un llamado al gobierno de EUA y a sus agencias a atender el grave consumo de fentanilo que enfrentan en su pa\u00eds, combatiendo la venta de estupefacientes, o con una campa\u00f1a masiva para evitar su consumo y distribuci\u00f3n.<\/p>\n\n\n\n<p>Aunado a esto en su momento AMLO desestim\u00f3 las investigaciones tanto del \u201cNew York Times\u201d como de \u201cProPublica\u201d y neg\u00f3 que tener v\u00ednculos con el narco y asegur\u00f3 que la informaci\u00f3n es falsa y que se trataba de un ataque a su gobierno para deslegitimarlo. Tambi\u00e9n ret\u00f3 a sus adversarios y a los propios medios que de tener pruebas en su contra las presentaran.<\/p>\n\n\n\n<p>Mientras que ante el reciente comunicado de La Casa Blanca, Morena reaccion\u00f3 con rechazo a los dichos y los calific\u00f3 como \u201ccalumnias\u201d. Asegur\u00f3 que a diferencia de gobiernos pasados, cuando s\u00ed estaban coludidos con el crimen organizado (tal es el caso de Genaro Garc\u00eda Luna, exsecretario de Seguridad P\u00fablica de Felipe Calder\u00f3n, y quien hoy se encuentra condenado a 38 a\u00f1os y 8 meses de prisi\u00f3n en los Estados Unidos por sus v\u00ednculos con el narcotr\u00e1fico), el Gobierno de M\u00e9xico no es aliado de ning\u00fan grupo delincuencial.<\/p>\n\n\n\n<p>(Informaci\u00f3n de Pol\u00edtico.Mx)<\/p>\n","protected":false},"excerpt":{"rendered":"<p>Redacci\u00f3n\/Zona Roja Cdmx. Ciudad de M\u00e9xico, a 9 de febrero de 2025.- No solamente pol\u00edticos&hellip;<\/p>\n","protected":false},"author":2,"featured_media":77351,"comment_status":"closed","ping_status":"open","sticky":false,"template":"","format":"standard","meta":{"_lmt_disableupdate":"","_lmt_disable":"","_jetpack_memberships_contains_paid_content":false,"footnotes":""},"categories":[109,47],"tags":[4217],"class_list":["post-77350","post","type-post","status-publish","format-standard","has-post-thumbnail","hentry","category-minuto-a-minuto","category-zona-gris","tag-the-spectator"],"jetpack_featured_media_url":"https:\/\/zonaroja.com.mx\/wp-content\/uploads\/2025\/02\/The-Spectator.png","jetpack_sharing_enabled":true,"_links":{"self":[{"href":"https:\/\/zonaroja.com.mx\/index.php?rest_route=\/wp\/v2\/posts\/77350","targetHints":{"allow":["GET"]}}],"collection":[{"href":"https:\/\/zonaroja.com.mx\/index.php?rest_route=\/wp\/v2\/posts"}],"about":[{"href":"https:\/\/zonaroja.com.mx\/index.php?rest_route=\/wp\/v2\/types\/post"}],"author":[{"embeddable":true,"href":"https:\/\/zonaroja.com.mx\/index.php?rest_route=\/wp\/v2\/users\/2"}],"replies":[{"embeddable":true,"href":"https:\/\/zonaroja.com.mx\/index.php?rest_route=%2Fwp%2Fv2%2Fcomments&post=77350"}],"version-history":[{"count":1,"href":"https:\/\/zonaroja.com.mx\/index.php?rest_route=\/wp\/v2\/posts\/77350\/revisions"}],"predecessor-version":[{"id":77352,"href":"https:\/\/zonaroja.com.mx\/index.php?rest_route=\/wp\/v2\/posts\/77350\/revisions\/77352"}],"wp:featuredmedia":[{"embeddable":true,"href":"https:\/\/zonaroja.com.mx\/index.php?rest_route=\/wp\/v2\/media\/77351"}],"wp:attachment":[{"href":"https:\/\/zonaroja.com.mx\/index.php?rest_route=%2Fwp%2Fv2%2Fmedia&parent=77350"}],"wp:term":[{"taxonomy":"category","embeddable":true,"href":"https:\/\/zonaroja.com.mx\/index.php?rest_route=%2Fwp%2Fv2%2Fcategories&post=77350"},{"taxonomy":"post_tag","embeddable":true,"href":"https:\/\/zonaroja.com.mx\/index.php?rest_route=%2Fwp%2Fv2%2Ftags&post=77350"}],"curies":[{"name":"wp","href":"https:\/\/api.w.org\/{rel}","templated":true}]}}