{"id":77353,"date":"2025-02-09T13:30:00","date_gmt":"2025-02-09T19:30:00","guid":{"rendered":"https:\/\/zonaroja.com.mx\/?p=77353"},"modified":"2025-02-09T07:08:54","modified_gmt":"2025-02-09T13:08:54","slug":"asciende-a-48200-los-muertos-en-gaza-por-ataques-de-israel","status":"publish","type":"post","link":"https:\/\/zonaroja.com.mx\/?p=77353","title":{"rendered":"Asciende a 48,200 los muertos en Gaza por ataques de Israel"},"content":{"rendered":"\n<p>Redacci\u00f3n\/Zona Roja Cdmx.<\/p>\n\n\n\n<p>Ciudad de M\u00e9xico, a 9 de febrero de 2025.- Las autoridades m\u00e9dicas de Gaza, han elevado este s\u00e1bado a casi 48 mil 200 los fallecidos por los ataques de Israel contra el enclave palestino, tras denunciar cuatro nuevos fallecidos en bombardeos israel\u00edes a pesar del alto el fuego, as\u00ed como&nbsp;la recuperaci\u00f3n de 22 cad\u00e1veres entre los escombros de bombardeos israel\u00edes en las \u00faltimas horas.<\/p>\n\n\n\n<p>El Ministerio de Salud de Gaza cifra exactamente el balance en 48 mil 181 fallecidos y 111 mil 638 heridos desde el 7 de octubre de 2023, tras el ataque efectuado por Ham\u00e1s,&nbsp;que dej\u00f3 m\u00e1s de mil 200 muertos en territorio israel\u00ed y por lo que el Ej\u00e9rcito de ese pa\u00eds ha bombardeado incansablemente a la poblaci\u00f3n civil palestina.<\/p>\n\n\n\n<p>La Oficina de Informaci\u00f3n del Gobierno de Gaza, inform\u00f3 a principios de esta semana que han conseguido recuperar los cuerpos sin vida de aproximadamente el 76%&nbsp;de los palestinos asesinados&nbsp;en el conflicto.<\/p>\n\n\n\n<p>Sin embargo, se cree que al menos 14 mil 222 personas siguen atrapadas bajo los escombros o en zonas inaccesibles para los servicios de rescate, de ah\u00ed que el Ministerio de Salud gazat\u00ed tambi\u00e9n est\u00e1 barajando una cifra paralela de m\u00e1s de 61 mil 700 muertos por la ofensiva israel\u00ed, contando a los fallecidos confirmados y a los que todav\u00eda se encuentran sepultados.<\/p>\n\n\n\n<p>(Informaci\u00f3n de Europa Press en \u201cProceso\u201d)<\/p>\n","protected":false},"excerpt":{"rendered":"<p>Redacci\u00f3n\/Zona Roja Cdmx. Ciudad de M\u00e9xico, a 9 de febrero de 2025.- Las autoridades m\u00e9dicas&hellip;<\/p>\n","protected":false},"author":2,"featured_media":73106,"comment_status":"closed","ping_status":"open","sticky":false,"template":"","format":"standard","meta":{"_lmt_disableupdate":"","_lmt_disable":"","_jetpack_memberships_contains_paid_content":false,"footnotes":""},"categories":[109,47],"tags":[2668],"class_list":["post-77353","post","type-post","status-publish","format-standard","has-post-thumbnail","hentry","category-minuto-a-minuto","category-zona-gris","tag-conflicto-gaza-israel"],"jetpack_featured_media_url":"https:\/\/zonaroja.com.mx\/wp-content\/uploads\/2024\/10\/Ataque-Israel-Libano.jpg","jetpack_sharing_enabled":true,"_links":{"self":[{"href":"https:\/\/zonaroja.com.mx\/index.php?rest_route=\/wp\/v2\/posts\/77353","targetHints":{"allow":["GET"]}}],"collection":[{"href":"https:\/\/zonaroja.com.mx\/index.php?rest_route=\/wp\/v2\/posts"}],"about":[{"href":"https:\/\/zonaroja.com.mx\/index.php?rest_route=\/wp\/v2\/types\/post"}],"author":[{"embeddable":true,"href":"https:\/\/zonaroja.com.mx\/index.php?rest_route=\/wp\/v2\/users\/2"}],"replies":[{"embeddable":true,"href":"https:\/\/zonaroja.com.mx\/index.php?rest_route=%2Fwp%2Fv2%2Fcomments&post=77353"}],"version-history":[{"count":1,"href":"https:\/\/zonaroja.com.mx\/index.php?rest_route=\/wp\/v2\/posts\/77353\/revisions"}],"predecessor-version":[{"id":77354,"href":"https:\/\/zonaroja.com.mx\/index.php?rest_route=\/wp\/v2\/posts\/77353\/revisions\/77354"}],"wp:featuredmedia":[{"embeddable":true,"href":"https:\/\/zonaroja.com.mx\/index.php?rest_route=\/wp\/v2\/media\/73106"}],"wp:attachment":[{"href":"https:\/\/zonaroja.com.mx\/index.php?rest_route=%2Fwp%2Fv2%2Fmedia&parent=77353"}],"wp:term":[{"taxonomy":"category","embeddable":true,"href":"https:\/\/zonaroja.com.mx\/index.php?rest_route=%2Fwp%2Fv2%2Fcategories&post=77353"},{"taxonomy":"post_tag","embeddable":true,"href":"https:\/\/zonaroja.com.mx\/index.php?rest_route=%2Fwp%2Fv2%2Ftags&post=77353"}],"curies":[{"name":"wp","href":"https:\/\/api.w.org\/{rel}","templated":true}]}}