{"id":77355,"date":"2025-02-09T12:12:00","date_gmt":"2025-02-09T18:12:00","guid":{"rendered":"https:\/\/zonaroja.com.mx\/?p=77355"},"modified":"2025-02-09T07:13:24","modified_gmt":"2025-02-09T13:13:24","slug":"opinion-oaxaca-sin-pudor-politico","status":"publish","type":"post","link":"https:\/\/zonaroja.com.mx\/?p=77355","title":{"rendered":"Opini\u00f3n. Oaxaca, sin pudor pol\u00edtico"},"content":{"rendered":"\n<p>Soledad Jarqu\u00edn \u00c9dgar\/SemM\u00e9xico<\/p>\n\n\n\n<p>\u201cEn el gobierno de la cuarta transformaci\u00f3n no habr\u00e1 lujos, corrupci\u00f3n ni impunidad, no habr\u00e1 ni doble est\u00e1ndar ni doble moral. Al margen de la ley, nada, por encima de la ley, nadie. Se acabaron los privilegios para unos cuantos a costa del patrimonio del pueblo de Oaxaca. Ahora, el gobierno no estar\u00e1 al servicio de las \u00e9lites ni de ninguna familia, no permitiremos que sigan viniendo de otros lugares a aprovecharse de la bondad de nuestro pueblo\u201d.<\/p>\n\n\n\n<p>La cita anterior fue extra\u00edda de versi\u00f3n estenogr\u00e1fica de la sesi\u00f3n solemne de la LXV Legislatura Parlamentaria Constitucional del Estado del 1 de diciembre de 2022, cuando rinde protesta y toma posesi\u00f3n como gobernador de Oaxaca, Salom\u00f3n Jara Cruz.&nbsp;<\/p>\n\n\n\n<p>Lo cierto es que, como dir\u00eda mi abuela Lucha: no mijita, m\u00e1s pronto cae un hablador que un cojo. Es un asunto que tiene que ver con lo humano, porque es cierto, a lo bueno todo el mundo se acostumbra y muy pronto. La \u201cdoble moral\u201d que cit\u00f3 Jara Cruz permea a trav\u00e9s de la piel de quien gobierna y de quienes los secundan.<\/p>\n\n\n\n<p>Desde hace varios meses, diversos medios de Oaxaca han documentado el nepotismo del gobernador en turno, esa vieja pr\u00e1ctica que se critic\u00f3 y con mucha raz\u00f3n del otrora partido gobernante, el PRI.&nbsp;<\/p>\n\n\n\n<p>Hoy, quiz\u00e1 m\u00e1s que ayer, el pudor pol\u00edtico no existe. Cierto en Oaxaca el poder ha sido de familias, de la vallistocracia, como se llamaba a los gobernadores, uno detr\u00e1s de otro, que nacieron y crecieron en la regi\u00f3n de Valles Centrales, donde se asienta la capital oaxaque\u00f1a.<\/p>\n\n\n\n<p>Con Jos\u00e9 Murat Casab llegaron los istme\u00f1os que de una u otra forma siguen enchufados al poder, gobierne quien gobierne, incluyendo a Jara Cruz, quien es fiel a la tradici\u00f3n de dejar fuera a la vallistocracia.&nbsp;<\/p>\n\n\n\n<p>Cierto, el nepotismo no lo inaugur\u00f3 Salom\u00f3n Jara, pero parece ser el que menos pudor pol\u00edtico tiene, insisto, al darle cargos p\u00fablicos a una docena de familiares directos o pol\u00edticos, como ampliamente ya se document\u00f3.&nbsp;<\/p>\n\n\n\n<p>Es verdad tambi\u00e9n que las descendencias tienen aspiraciones para continuar sus carreras profesionales y eso es muy loable. Pero aceptar un cargo p\u00fablico que se le ha otorgado solo por ser pariente directo o pol\u00edtico es todo lo contrario de lo expresado hace unos 26 meses por el gobernador de Oaxaca.&nbsp;<\/p>\n\n\n\n<p>Lo repito, por si se le olvid\u00f3: Ahora, el gobierno no estar\u00e1 al servicio de las \u00e9lites ni de ninguna familia, no permitiremos que sigan viniendo de otros lugares a aprovecharse de la bondad de nuestro pueblo.<\/p>\n\n\n\n<p>En el partido Morena estatal y en el nacional, en el Congreso de Oaxaca, en el gobierno municipal de Oaxaca de Ju\u00e1rez y por supuesto en el Ejecutivo local y ahora en el federal, los Jara y los Bola\u00f1os se hacen presenten, gracias a la mano omnipotente de Salom\u00f3n Jara.<\/p>\n\n\n\n<p>Se trata de hijas e hijo, sobrinos pol\u00edticos, parejas de sus sobrinas, sobrinos y sobrinas, hermano, parientes de sus parientes, la nuera, son algunos de los nombres que hasta hoy han salido a la luz p\u00fablica, denuncias que se hacen desde adentro, donde todav\u00eda hay personas con pudor pol\u00edtico.<\/p>\n\n\n\n<p>La pol\u00e9mica revivi\u00f3 cuando en d\u00edas pasados, el titular del Infonavit (gobierno federal) fue designa como encargada del despacho de la Delegaci\u00f3n en Oaxaca, Shunaxhi Nabaani Magdalena Jara Bola\u00f1os, hija del mandatario. Nadie duda de su capacidad, por supuesto, pero como dicen aqu\u00ed hubo un ganchito.<\/p>\n\n\n\n<p>En el partido Morena nacional opera desde antes Bxido Xishe Jara Bola\u00f1os, quien ocupa el cargo de&nbsp;Secretaria de Pueblos Originarios del Comit\u00e9 Ejecutivo Nacional de Morena.<\/p>\n\n\n\n<p>Shabin Jara Bola\u00f1os tambi\u00e9n hijo del gobernador de Oaxaca es secretario de organizaci\u00f3n en el Comit\u00e9 Ejecutivo Estatal de Morena Oaxaca.<\/p>\n\n\n\n<p>El sobrino de Jara Cruz Emmanuel Navarro Jara fue nombrado en noviembre pasado dirigente estatal de Morena Oaxaca, en sustituci\u00f3n de Benjam\u00edn Viveros Montalvo electo diputado local y presidente de la Junta de Coordinaci\u00f3n Pol\u00edtica del Congreso local.&nbsp;<\/p>\n\n\n\n<p>Se dice que Benjam\u00edn tambi\u00e9n es pariente de Jara Cruz y es de los que se han acostumbrado a lo bueno. Mientras ha recogido total de forma parcial \u201clas prerrogativas\u201d que por abajo del agua o discrecionalmente recib\u00edan las y los diputados locales, que en Oaxaca suman 42. En la pasada legislatura recib\u00edan cada mes para sus gastos la cantidad de 200 mil pesos.<\/p>\n\n\n\n<p>Lo otro que calladamente se rumora y que nadie se atreve a hacer p\u00fablico son los detalles bonitos que tiene para su persona el presidente de la Jucopo, donde las viandas vienen de los mejores restaurantes, adem\u00e1s de pagar a personal de seguridad que hace inaccesible el tercer piso donde \u00e9l despacha. Desde las escaleras y en los elevadores se controla le acceso.<\/p>\n\n\n\n<p>El hermano del gobernador, No\u00e9 Jara Cruz hoy ostenta el cargo de secretario municipal en el gobierno de la capital oaxaque\u00f1a, dicen que es el poder tras el trono, y es gu\u00eda de un novel pol\u00edtico sobreviviente de la vallistocracia oaxaque\u00f1a.<\/p>\n\n\n\n<p>Otro familiar es Fernando Jara Soto, hijo de su hermano Amador Jara. Para que este muchacho pudiera ser secretario de Servicios Parlamentarios, antes oficial mayor, fue necesario cambiar la ley org\u00e1nica del Congreso de Oaxaca, porque el muchacho de 29 a\u00f1os a\u00fan no cumpl\u00eda la edad que antes de su ascenso establec\u00eda la ley. Cierto, el nuevo funcionario, hoy de primer nivel, ya trabajaba en el Legislativo, donde estiman hay otros cinco parientes laborando, pero no nos consta.<\/p>\n\n\n\n<p>Adem\u00e1s de los Jara, est\u00e1n los familiares pol\u00edticos, parientes directos de la esposa del gobernador, Irma Bola\u00f1os, presidenta del Sistema DIF estatal. Entre ellas destacan Lorena Rodr\u00edguez Bola\u00f1os, quien es subdirectora de Innovaci\u00f3n y Calidad de los Servicios de Salud de Oaxaca; Sheila Bola\u00f1os, tambi\u00e9n sobrina pol\u00edtica, quien colabora en el DIF Estatal con su t\u00eda y Katia Bola\u00f1os Flores, sobrina pol\u00edtica, es directora de Placas y Licencias de la Secretar\u00eda de Movilidad.<\/p>\n\n\n\n<p>Los otros parientes cercanos son la nuera del gobernador, la diputada local Tania Caballero Navarro, esposa de su hijo Shabin Mois\u00e9s Jara Bola\u00f1os, quien como ya vimos es secretario de organizaci\u00f3n de la dirigencia de Morena Oaxaca.<\/p>\n\n\n\n<p>El cu\u00f1ado de la diputada local y nuera del gobernador, Ricardo R\u00edos es director del Hospital de la Ni\u00f1ez, as\u00ed como Irving L\u00f3pez, tambi\u00e9n sobrino, y funge como coordinador de Giras.<\/p>\n\n\n\n<p>Finalmente, Carlos Vichido Hern\u00e1ndez, secretario de las Infraestructuras y Comunicaciones del gobierno de Oaxaca, cargo asumi\u00f3 en diciembre pasado, contrajo nupcias este 8 de febrero con Daniela Jara, hija de Antonio Jara, casualmente dedicado a la construcci\u00f3n.<\/p>\n\n\n\n<p>Dicen que en el pecado se lleva la penitencia, veremos que sucede, lo importante es no tener memoria corta para no olvidar. Lo malo es no prometer lo que no se puede cumplir. Todo tiene un reverso. Ya lo dice la sabidur\u00eda popular \u201cprometer no empobrece\u201d, al contrario, aqu\u00ed enriquece \u201ca costa del patrimonio del pueblo de Oaxaca\u201d, entrecomillas las palabras del gobernador.<\/p>\n\n\n\n<p>*Periodista y activista feminista.<\/p>\n","protected":false},"excerpt":{"rendered":"<p>Soledad Jarqu\u00edn \u00c9dgar\/SemM\u00e9xico \u201cEn el gobierno de la cuarta transformaci\u00f3n no habr\u00e1 lujos, corrupci\u00f3n ni&hellip;<\/p>\n","protected":false},"author":2,"featured_media":68029,"comment_status":"closed","ping_status":"open","sticky":false,"template":"","format":"standard","meta":{"_lmt_disableupdate":"","_lmt_disable":"","_jetpack_memberships_contains_paid_content":false,"footnotes":""},"categories":[456,109],"tags":[1105],"class_list":["post-77355","post","type-post","status-publish","format-standard","has-post-thumbnail","hentry","category-columna","category-minuto-a-minuto","tag-soledad-jarquin-edgar"],"jetpack_featured_media_url":"https:\/\/zonaroja.com.mx\/wp-content\/uploads\/2024\/05\/Soledad-Jarquin-Edgar.jpg","jetpack_sharing_enabled":true,"_links":{"self":[{"href":"https:\/\/zonaroja.com.mx\/index.php?rest_route=\/wp\/v2\/posts\/77355","targetHints":{"allow":["GET"]}}],"collection":[{"href":"https:\/\/zonaroja.com.mx\/index.php?rest_route=\/wp\/v2\/posts"}],"about":[{"href":"https:\/\/zonaroja.com.mx\/index.php?rest_route=\/wp\/v2\/types\/post"}],"author":[{"embeddable":true,"href":"https:\/\/zonaroja.com.mx\/index.php?rest_route=\/wp\/v2\/users\/2"}],"replies":[{"embeddable":true,"href":"https:\/\/zonaroja.com.mx\/index.php?rest_route=%2Fwp%2Fv2%2Fcomments&post=77355"}],"version-history":[{"count":1,"href":"https:\/\/zonaroja.com.mx\/index.php?rest_route=\/wp\/v2\/posts\/77355\/revisions"}],"predecessor-version":[{"id":77356,"href":"https:\/\/zonaroja.com.mx\/index.php?rest_route=\/wp\/v2\/posts\/77355\/revisions\/77356"}],"wp:featuredmedia":[{"embeddable":true,"href":"https:\/\/zonaroja.com.mx\/index.php?rest_route=\/wp\/v2\/media\/68029"}],"wp:attachment":[{"href":"https:\/\/zonaroja.com.mx\/index.php?rest_route=%2Fwp%2Fv2%2Fmedia&parent=77355"}],"wp:term":[{"taxonomy":"category","embeddable":true,"href":"https:\/\/zonaroja.com.mx\/index.php?rest_route=%2Fwp%2Fv2%2Fcategories&post=77355"},{"taxonomy":"post_tag","embeddable":true,"href":"https:\/\/zonaroja.com.mx\/index.php?rest_route=%2Fwp%2Fv2%2Ftags&post=77355"}],"curies":[{"name":"wp","href":"https:\/\/api.w.org\/{rel}","templated":true}]}}