{"id":77369,"date":"2025-02-10T11:14:00","date_gmt":"2025-02-10T17:14:00","guid":{"rendered":"https:\/\/zonaroja.com.mx\/?p=77369"},"modified":"2025-02-10T08:18:21","modified_gmt":"2025-02-10T14:18:21","slug":"para-trump-lo-que-hace-mexico-no-es-suficiente-aplicara-mas-aranceles","status":"publish","type":"post","link":"https:\/\/zonaroja.com.mx\/?p=77369","title":{"rendered":"Para Trump, lo que hace M\u00e9xico no es suficiente; aplicar\u00e1 m\u00e1s aranceles"},"content":{"rendered":"\n<p>Redacci\u00f3n\/Zona Roja Cdmx.<\/p>\n\n\n\n<p>Ciudad de M\u00e9xico, a 10 de febrero de 2025.- El presidente de Estados Unidos, Donald Trump, dijo que anunciar\u00e1 el lunes aranceles de 25 por ciento a todas las importaciones de acero y aluminio a Estados Unidos.<\/p>\n\n\n\n<p>Trump, en declaraciones a los periodistas en el Air Force One, tambi\u00e9n dijo que anunciar\u00e1 aranceles rec\u00edprocos el martes o el mi\u00e9rcoles, que entrar\u00e1n en vigor casi de inmediato, seg\u00fan informaci\u00f3n de la agencia Reuters en \u201cLa Jornada\u201d.<\/p>\n\n\n\n<p>Por otra parte, de acuerdo con informaci\u00f3n publicada por \u201cEl Financiero\u201d, el presidente de Estados Unidos, Donald Trump reconoci\u00f3 en una entrevista con la cadena Fox News que el blindaje de la frontera norte de M\u00e9xico y las medidas migratorias no son suficientes para contener los aranceles a las importaciones de productos mexicanos.<\/p>\n\n\n\n<p>Cuestionado por el presentador Brett Baier sobre si las medidas eran suficientes, el mandatario estadounidense respondi\u00f3:<\/p>\n\n\n\n<p>\u2014No, no es suficiente<\/p>\n\n\n\n<p>Baier expres\u00f3: Entonces, necesitan hacer m\u00e1s en 30 d\u00edas (plazo que M\u00e9xico obtuvo para detener los aranceles)<\/p>\n\n\n\n<p>\u2014Algo tiene que pasar. No es sostenible y lo voy a cambiar<\/p>\n\n\n\n<p>El pasado 3 de febrero, M\u00e9xico libr\u00f3 por un mes la imposici\u00f3n del aranceles de 25% sobre sus exportaciones a EU.<\/p>\n\n\n\n<p>La presidente Claudia Sheinbaum logr\u00f3 a trav\u00e9s de una llamada un pacto con su hom\u00f3logo, Donald Trump, refiere la nota informativa de \u201cEl Financiero\u201d.<\/p>\n\n\n\n<p>La conversaci\u00f3n de menos de 45 minutos desactiv\u00f3 la granada arancelaria y llam\u00f3 a mantener el Tratado de Libre Comercio de M\u00e9xico, Estados Unidos y Canad\u00e1 (T-MEC).<\/p>\n\n\n\n<p>El convenio incluy\u00f3 el reforzamiento de la frontera M\u00e9xico-EU con la llegada de 100 mil elementos de la Guardia Nacional para evitar la migraci\u00f3n ilegal y el tr\u00e1fico de drogas.<\/p>\n","protected":false},"excerpt":{"rendered":"<p>Redacci\u00f3n\/Zona Roja Cdmx. Ciudad de M\u00e9xico, a 10 de febrero de 2025.- El presidente de&hellip;<\/p>\n","protected":false},"author":2,"featured_media":74876,"comment_status":"closed","ping_status":"open","sticky":false,"template":"","format":"standard","meta":{"_lmt_disableupdate":"","_lmt_disable":"","_jetpack_memberships_contains_paid_content":false,"footnotes":""},"categories":[109,47],"tags":[1060],"class_list":["post-77369","post","type-post","status-publish","format-standard","has-post-thumbnail","hentry","category-minuto-a-minuto","category-zona-gris","tag-donald-trump"],"jetpack_featured_media_url":"https:\/\/zonaroja.com.mx\/wp-content\/uploads\/2024\/11\/Donald-Trump.jpeg","jetpack_sharing_enabled":true,"_links":{"self":[{"href":"https:\/\/zonaroja.com.mx\/index.php?rest_route=\/wp\/v2\/posts\/77369","targetHints":{"allow":["GET"]}}],"collection":[{"href":"https:\/\/zonaroja.com.mx\/index.php?rest_route=\/wp\/v2\/posts"}],"about":[{"href":"https:\/\/zonaroja.com.mx\/index.php?rest_route=\/wp\/v2\/types\/post"}],"author":[{"embeddable":true,"href":"https:\/\/zonaroja.com.mx\/index.php?rest_route=\/wp\/v2\/users\/2"}],"replies":[{"embeddable":true,"href":"https:\/\/zonaroja.com.mx\/index.php?rest_route=%2Fwp%2Fv2%2Fcomments&post=77369"}],"version-history":[{"count":1,"href":"https:\/\/zonaroja.com.mx\/index.php?rest_route=\/wp\/v2\/posts\/77369\/revisions"}],"predecessor-version":[{"id":77370,"href":"https:\/\/zonaroja.com.mx\/index.php?rest_route=\/wp\/v2\/posts\/77369\/revisions\/77370"}],"wp:featuredmedia":[{"embeddable":true,"href":"https:\/\/zonaroja.com.mx\/index.php?rest_route=\/wp\/v2\/media\/74876"}],"wp:attachment":[{"href":"https:\/\/zonaroja.com.mx\/index.php?rest_route=%2Fwp%2Fv2%2Fmedia&parent=77369"}],"wp:term":[{"taxonomy":"category","embeddable":true,"href":"https:\/\/zonaroja.com.mx\/index.php?rest_route=%2Fwp%2Fv2%2Fcategories&post=77369"},{"taxonomy":"post_tag","embeddable":true,"href":"https:\/\/zonaroja.com.mx\/index.php?rest_route=%2Fwp%2Fv2%2Ftags&post=77369"}],"curies":[{"name":"wp","href":"https:\/\/api.w.org\/{rel}","templated":true}]}}