{"id":77376,"date":"2025-02-11T07:25:00","date_gmt":"2025-02-11T13:25:00","guid":{"rendered":"https:\/\/zonaroja.com.mx\/?p=77376"},"modified":"2025-02-11T06:31:22","modified_gmt":"2025-02-11T12:31:22","slug":"en-5-meses-suman-823-asesinatos-y-952-desapariciones-en-sinaloa","status":"publish","type":"post","link":"https:\/\/zonaroja.com.mx\/?p=77376","title":{"rendered":"En 5 meses, suman 823 asesinatos y 952 desapariciones en Sinaloa"},"content":{"rendered":"\n<p>Redacci\u00f3n\/Zona Roja Cdmx.<\/p>\n\n\n\n<p>Ciudad de M\u00e9xico, a 11 de febrero de 2025.- Al cumplirse ayer cinco meses de comenzar la violencia en Culiac\u00e1n y algunos municipios del sur del estado, por una disputa entre dos facciones del c\u00e1rtel de Sinaloa, se han reportado al menos 823 asesinatos, 952 desapariciones y 2 mil 100 robos de veh\u00edculos, seg\u00fan cifras de la Fiscal\u00eda General del Estado (FGE).<\/p>\n\n\n\n<p>Sobre los 823 homicidios dolosos, la informaci\u00f3n fue confirmada por Jenny del Rinc\u00f3n, directora ejecutiva del Secretariado Estatal de Seguridad Publica, que recopila, procesa y comparte informaci\u00f3n junto con otras \u00e1reas gubernamentales.<\/p>\n\n\n\n<p>La funcionaria afirm\u00f3 que las cifras de asesinatos dolosos han disminuido, ya que en enero pasado se registraron 138 muertes violentas frente a 183 en octubre. La violencia, que comenz\u00f3 el 9 de septiembre con la guerra entre Los Mayitos y Los Chapitos, dej\u00f3 en ese mes 143 homicidios; en octubre, hubo 183; en noviembre, 175 y en diciembre, 138.<\/p>\n\n\n\n<p>En los \u00faltimos cuatro meses de 2024 la FGE document\u00f3 15 feminicidios, y ninguno en enero de 2025. Se acreditaron dos en 2 septiembre, seis en octubre, dos en noviembre y cinco en diciembre de 2024. La estad\u00edstica de desaparici\u00f3n forzada incluye 952 denuncias, y la de hurto de automotores a sus propietarios llega a 2 mil 100.<\/p>\n\n\n\n<p>Es la segunda vez que la violencia se dispara en Sinaloa. La entonces Procuradur\u00eda General del Estado certific\u00f3 en 2010 (\u00faltimo a\u00f1o del sexenio del gobernador pri\u00edsta Jes\u00fas Aguilar Padilla) 2 mil 251 homicidios, m\u00e1s del doble de los 999 acreditados en 2009. Adem\u00e1s hubo 9 mil 149 veh\u00edculos robados en 2010, y un a\u00f1o antes la cifra fue de 3 mil 143.<\/p>\n\n\n\n<p>La narcoviolencia, principalmente en Culiac\u00e1n, ha perjudicado a su econom\u00eda, pues propici\u00f3 el cierre de establecimientos comerciales, lo que aument\u00f3 las tasas de desempleo. La Uni\u00f3n de Locatarios estima que al menos 120 negocios han cerrado. Industriales advierten que en los pr\u00f3ximos meses se sumar\u00edan otros 300.<\/p>\n\n\n\n<p>La percepci\u00f3n de inseguridad redujo el n\u00famero de turistas en perjuicio de los sectores hotelero y gastron\u00f3mico, principalmente. Los horticultores enfrentan extorsiones y amenazas, lo que interfiere con la producci\u00f3n y distribuci\u00f3n de productos agr\u00edcolas, esenciales para la econom\u00eda local y nacional. La tradicional Feria Ganadera se cancel\u00f3 el a\u00f1o pasado.<\/p>\n\n\n\n<p>(Informaci\u00f3n de \u201cLa Jornada\u201d)<\/p>\n","protected":false},"excerpt":{"rendered":"<p>Redacci\u00f3n\/Zona Roja Cdmx. Ciudad de M\u00e9xico, a 11 de febrero de 2025.- Al cumplirse ayer&hellip;<\/p>\n","protected":false},"author":2,"featured_media":71931,"comment_status":"closed","ping_status":"open","sticky":false,"template":"","format":"standard","meta":{"_lmt_disableupdate":"","_lmt_disable":"","_jetpack_memberships_contains_paid_content":false,"footnotes":""},"categories":[109,47],"tags":[4146],"class_list":["post-77376","post","type-post","status-publish","format-standard","has-post-thumbnail","hentry","category-minuto-a-minuto","category-zona-gris","tag-violencia-en-sinaloa"],"jetpack_featured_media_url":"https:\/\/zonaroja.com.mx\/wp-content\/uploads\/2024\/08\/Enfrentamientos-en-Sinaloa.avif","jetpack_sharing_enabled":true,"_links":{"self":[{"href":"https:\/\/zonaroja.com.mx\/index.php?rest_route=\/wp\/v2\/posts\/77376","targetHints":{"allow":["GET"]}}],"collection":[{"href":"https:\/\/zonaroja.com.mx\/index.php?rest_route=\/wp\/v2\/posts"}],"about":[{"href":"https:\/\/zonaroja.com.mx\/index.php?rest_route=\/wp\/v2\/types\/post"}],"author":[{"embeddable":true,"href":"https:\/\/zonaroja.com.mx\/index.php?rest_route=\/wp\/v2\/users\/2"}],"replies":[{"embeddable":true,"href":"https:\/\/zonaroja.com.mx\/index.php?rest_route=%2Fwp%2Fv2%2Fcomments&post=77376"}],"version-history":[{"count":2,"href":"https:\/\/zonaroja.com.mx\/index.php?rest_route=\/wp\/v2\/posts\/77376\/revisions"}],"predecessor-version":[{"id":77392,"href":"https:\/\/zonaroja.com.mx\/index.php?rest_route=\/wp\/v2\/posts\/77376\/revisions\/77392"}],"wp:featuredmedia":[{"embeddable":true,"href":"https:\/\/zonaroja.com.mx\/index.php?rest_route=\/wp\/v2\/media\/71931"}],"wp:attachment":[{"href":"https:\/\/zonaroja.com.mx\/index.php?rest_route=%2Fwp%2Fv2%2Fmedia&parent=77376"}],"wp:term":[{"taxonomy":"category","embeddable":true,"href":"https:\/\/zonaroja.com.mx\/index.php?rest_route=%2Fwp%2Fv2%2Fcategories&post=77376"},{"taxonomy":"post_tag","embeddable":true,"href":"https:\/\/zonaroja.com.mx\/index.php?rest_route=%2Fwp%2Fv2%2Ftags&post=77376"}],"curies":[{"name":"wp","href":"https:\/\/api.w.org\/{rel}","templated":true}]}}