{"id":77378,"date":"2025-02-10T10:37:00","date_gmt":"2025-02-10T16:37:00","guid":{"rendered":"https:\/\/zonaroja.com.mx\/?p=77378"},"modified":"2025-02-10T11:10:49","modified_gmt":"2025-02-10T17:10:49","slug":"opinion-la-farsa-de-la-eleccion-en-el-poder-judicial-federal","status":"publish","type":"post","link":"https:\/\/zonaroja.com.mx\/?p=77378","title":{"rendered":"Opini\u00f3n. La farsa de la elecci\u00f3n en el Poder Judicial federal"},"content":{"rendered":"\n<p>Ismael Garc\u00eda M.\/Zona Roja.<\/p>\n\n\n\n<p>Oaxaca, Oax., a 10 de febrero de 2025.- La reforma al Poder Judicial de la Federaci\u00f3n naci\u00f3 con anomal\u00edas y terminar\u00e1 igual.<\/p>\n\n\n\n<p>Surgi\u00f3 a partir de un berrinche del entonces Presidente Andr\u00e9s Manuel L\u00f3pez Obrador; se aprob\u00f3 con m\u00faltiples errores y se concluir\u00e1 con un proceso electoral irregular, por encargo a la mandataria Claudia Sheinbaum.<\/p>\n\n\n\n<p>La semana pasada, el Congreso de la Uni\u00f3n aval\u00f3 la lista de personas que participar\u00e1n en el proceso de elecci\u00f3n, que incluy\u00f3 una t\u00f3mbola y, por supuesto, la mayor\u00eda de favorecidos ser\u00e1n del Partido Morena.<\/p>\n\n\n\n<p>Este s\u00e1bado 8 de febrero el Instituto Nacional Electoral (INE) dio el banderazo de arranque al proceso electoral para este caso, pero sin los recursos financieros correspondientes y con pocas posibilidades de operar de manera \u00f3ptima.<\/p>\n\n\n\n<p>An\u00f3mala tambi\u00e9n la actitud de menosprecio de la propia mandataria federal hacia la a\u00fan presidenta del Poder Judicial, Norma Pi\u00f1a, al no convocarla a una ceremonia oficial, el pasado 5 de febrero, y convertir dicha festividad de la Constituci\u00f3n en una reuni\u00f3n de morenistas.<\/p>\n\n\n\n<p>\u00bfRequiere M\u00e9xico una reforma al Poder Judicial y reemplazo de ministros (as)? Por supuesto, tanto a nivel federal como estatal. Pero no sujeto a caprichos y veleidades, principalmente de tinte partidista. \u00bfHay corrupci\u00f3n de jueces y magistrados? Claro que s\u00ed\u2026 pero no vemos a ninguno en la c\u00e1rcel, pese a la verborrea.<\/p>\n\n\n\n<p>LOS CAPRICHOS<\/p>\n\n\n\n<p>Como ya lo hemos mencionado, la irritaci\u00f3n del entonces titular del Poder Ejecutivo, L\u00f3pez Obrador, surgi\u00f3 a partir de rechazos del Poder Judicial a varias de sus iniciativas aprobadas en el Congreso de la Uni\u00f3n, entre ellas la incorporaci\u00f3n de la Guardia Nacional a la Secretar\u00eda de la Defensa Nacional.<\/p>\n\n\n\n<p>A partir de ello inici\u00f3 una aversi\u00f3n no al poder, sino a una figura: Norma Pi\u00f1a, por no ce\u00f1irse a los designios presidenciales, \ufffcque deriv\u00f3 en el capricho de reformar el Poder Judicial para quitar a su presidenta, m\u00e1s que para mejorar el funcionamiento del \u00f3rgano.<\/p>\n\n\n\n<p>Las acusaciones desde el p\u00falpito presidencial fueron reiterativas: \u201cInjerencia en asuntos electorales, trampas en el proceso de selecci\u00f3n de jueces, nepotismo, nula disciplina en la actuaci\u00f3n de impartidores de justicia y remuneraciones violatorias a la Constituci\u00f3n son las principales fallas que el Poder Ejecutivo busca resarcir a partir de la reforma al Poder Judicial, argument\u00f3 la secretaria de Gobernaci\u00f3n, Luisa Mar\u00eda Alcalde Luj\u00e1n\u201d, se dio a conocer en un comunicado oficial, el 10 de septiembre de 2024.&nbsp;<\/p>\n\n\n\n<p>La reforma fue avalada en los primeros d\u00edas de septiembre, una vez que entr\u00f3 en funciones la 66 Legislatura federal, pero los errores continuaron.<\/p>\n\n\n\n<p>El propio coordinador de los diputados de Morena en la C\u00e1mara de Diputados, Ricardo Monreal, reconoci\u00f3 en conferencia las anomal\u00edas pese a que la reforma al Poder Judicial ya se hab\u00eda promulgado el pasado 15 de septiembre.<\/p>\n\n\n\n<p>Asegur\u00f3 entonces que actualmente un grupo de trabajo se encargaba de realizar las correcciones correspondientes y que posteriormente se enviar\u00e1 una iniciativa de reforma para ajustar estas incongruencias que surgieron con la aprobaci\u00f3n de la reforma promovida por el exmandatario L\u00f3pez Obrador.<\/p>\n\n\n\n<p>LA ELECCI\u00d3N<\/p>\n\n\n\n<p>Por si fuera poco, diversos jueces de distrito avalaron amparos en contra de la reforma como del proceso electoral del Poder Judicial, pero pese a ello sigue en curso.<\/p>\n\n\n\n<p>El 24 de noviembre pasado concluy\u00f3 el registro de aspirantes con 11,646 solicitudes, a trav\u00e9s del sitio oficial del Comit\u00e9 de Evaluaci\u00f3n del Poder Legislativo Federal y 258 expedientes recibidos en la Oficial\u00eda de Partes del Poder Legislativo. Adem\u00e1s, recibi\u00f3 15,242 correos electr\u00f3nicos.<\/p>\n\n\n\n<p>En diciembre, dicho Comit\u00e9 present\u00f3 un listado preliminar de aspirantes para el proceso electoral extraordinario de 2025, pero se detectaron duplicados en las solicitudes, lo que consider\u00f3 \u201cerrores t\u00e9cnicos\u201d.<\/p>\n\n\n\n<p>En la primera semana de enero, la Asociaci\u00f3n Nacional de Magistrados de Circuito y Jueces de Distrito del Poder Judicial de la Federaci\u00f3n (Jufed) llam\u00f3 a suspender la elecci\u00f3n judicial ante los desaf\u00edos log\u00edsticos por el recorte de presupuesto en el INE (del 52 por ciento), la complejidad del modelo de votaci\u00f3n y el riesgo que representa a la independencia judicial.<\/p>\n\n\n\n<p>A la mitad del mes pasado, magistradas y magistrados del colectivo Art\u00edculo 41 denunciaron un desaseo generalizado por parte del INE en la implementaci\u00f3n de la elecci\u00f3n judicial de este a\u00f1o, lo que anuncia, dijeron, un inevitable fracaso.<\/p>\n\n\n\n<p>Lamentaron que, de acuerdo con declaraciones de la consejera presidenta del INE, las personas que acudan a las urnas tardar\u00e1n en promedio 9 minutos y 15 segundos para decidir su voto, lo que implica que durante la jornada electoral s\u00f3lo podr\u00edan votar alrededor 70 personas en cada casilla.<\/p>\n\n\n\n<p>\u201cQuiz\u00e1 est\u00e9n jugando a la idea de que ser\u00e1 un fracaso la elecci\u00f3n y que estar\u00e1 yendo a votar el 10 o 20% de personas de las que tienen derecho a votar\u201d, se\u00f1alaron.<\/p>\n\n\n\n<p>A finales de febrero, bajo el argumento de \u201cimposibilidad jur\u00eddica de continuar\u2019\u2019 con su trabajo, los cinco integrantes del Comit\u00e9 de Evaluaci\u00f3n del Poder Judicial de la Federaci\u00f3n (PJF) presentaron su renuncia al cargo. Pero de inmediato el Senado se arrog\u00f3 dicha funci\u00f3n, sin tener atribuciones.&nbsp;<\/p>\n\n\n\n<p>Pero la cauda de irregularidades no ha minado la determinaci\u00f3n del Legislativo y del Ejecutivo federal de llevar a cabo el proceso.<\/p>\n\n\n\n<p>Ser\u00e1n 881 cargos de ministros, magistrados y jueces federales que se elegir\u00e1n en las elecciones extraordinarias del pr\u00f3ximo 1 de junio, pero todo apunta que terminar\u00e1 tambi\u00e9n con una baja afluencia de votantes, lo que permitir\u00e1 al Estado imponer a sus propios jueces y magistrados\u2026 de Morena, por supuesto.<\/p>\n","protected":false},"excerpt":{"rendered":"<p>Ismael Garc\u00eda M.\/Zona Roja. Oaxaca, Oax., a 10 de febrero de 2025.- La reforma al&hellip;<\/p>\n","protected":false},"author":2,"featured_media":67764,"comment_status":"closed","ping_status":"open","sticky":false,"template":"","format":"standard","meta":{"_lmt_disableupdate":"","_lmt_disable":"","_jetpack_memberships_contains_paid_content":false,"footnotes":""},"categories":[456,109,48],"tags":[1353],"class_list":["post-77378","post","type-post","status-publish","format-standard","has-post-thumbnail","hentry","category-columna","category-minuto-a-minuto","category-zona-critica","tag-opinion-zona-critica"],"jetpack_featured_media_url":"https:\/\/zonaroja.com.mx\/wp-content\/uploads\/2024\/04\/Opinion-Zona-Roja-Ismael-Garcia.jpg","jetpack_sharing_enabled":true,"_links":{"self":[{"href":"https:\/\/zonaroja.com.mx\/index.php?rest_route=\/wp\/v2\/posts\/77378","targetHints":{"allow":["GET"]}}],"collection":[{"href":"https:\/\/zonaroja.com.mx\/index.php?rest_route=\/wp\/v2\/posts"}],"about":[{"href":"https:\/\/zonaroja.com.mx\/index.php?rest_route=\/wp\/v2\/types\/post"}],"author":[{"embeddable":true,"href":"https:\/\/zonaroja.com.mx\/index.php?rest_route=\/wp\/v2\/users\/2"}],"replies":[{"embeddable":true,"href":"https:\/\/zonaroja.com.mx\/index.php?rest_route=%2Fwp%2Fv2%2Fcomments&post=77378"}],"version-history":[{"count":2,"href":"https:\/\/zonaroja.com.mx\/index.php?rest_route=\/wp\/v2\/posts\/77378\/revisions"}],"predecessor-version":[{"id":77382,"href":"https:\/\/zonaroja.com.mx\/index.php?rest_route=\/wp\/v2\/posts\/77378\/revisions\/77382"}],"wp:featuredmedia":[{"embeddable":true,"href":"https:\/\/zonaroja.com.mx\/index.php?rest_route=\/wp\/v2\/media\/67764"}],"wp:attachment":[{"href":"https:\/\/zonaroja.com.mx\/index.php?rest_route=%2Fwp%2Fv2%2Fmedia&parent=77378"}],"wp:term":[{"taxonomy":"category","embeddable":true,"href":"https:\/\/zonaroja.com.mx\/index.php?rest_route=%2Fwp%2Fv2%2Fcategories&post=77378"},{"taxonomy":"post_tag","embeddable":true,"href":"https:\/\/zonaroja.com.mx\/index.php?rest_route=%2Fwp%2Fv2%2Ftags&post=77378"}],"curies":[{"name":"wp","href":"https:\/\/api.w.org\/{rel}","templated":true}]}}