{"id":77386,"date":"2025-02-10T20:13:41","date_gmt":"2025-02-11T02:13:41","guid":{"rendered":"https:\/\/zonaroja.com.mx\/?p=77386"},"modified":"2025-02-10T20:13:44","modified_gmt":"2025-02-11T02:13:44","slug":"mi-papa-no-se-fue-nos-lo-quitaron-entre-lagrimas-despiden-a-don-alejo-perez","status":"publish","type":"post","link":"https:\/\/zonaroja.com.mx\/?p=77386","title":{"rendered":"\u201cMi pap\u00e1 no se fue, nos lo quitaron\u201d; entre l\u00e1grimas despiden a don \u00a0Alejo P\u00e9rez"},"content":{"rendered":"\n<p>Redacci\u00f3n\/Zona Roja.<\/p>\n\n\n\n<p>Oaxaca de Ju\u00e1rez, Oax., a 10 de febrero de 2025.- Este domingo familiares, amigos y paisanos le dieron el \u00faltimo adi\u00f3s a Alejo P\u00e9rez Jim\u00e9nez, ultimado en un intento de asalto el pasado jueves 6 de febrero en su domicilio, ubicado en la colonia Itandehui de la agencia de San Mart\u00edn Mexic\u00e1pam, Oaxaca de Ju\u00e1rez.&nbsp;<\/p>\n\n\n\n<p>Don Alejo se encontraba con su esposa en su tienda de abarrotes \u201cSanta Mar\u00eda\u201d, y a minutos de bajar la cortina fue sorprendido por sujetos abordo de un veh\u00edculo, quienes intentaron asaltarlo.&nbsp;<\/p>\n\n\n\n<p>Al percatarse de los hechos, la v\u00edctima&nbsp;sali\u00f3 del mostrador hacia la entrada para hacerles frente, sin embargo, estos en respuesta le disiparon en dos ocasiones,&nbsp;ante el enojo de no poder atracarlo donde despachaba.&nbsp;<\/p>\n\n\n\n<p>La muerte fue instant\u00e1nea y el cuerpo qued\u00f3 tendido en la entrada de la tienda, donde fue levantando por las autoridades correspondientes.&nbsp;<\/p>\n\n\n\n<p>Este acto violento ha conmocionado a los vecinos, familiares, amigos y paisanos del se\u00f1or Alejo P\u00e9rez Jim\u00e9nez, de 57 a\u00f1os de edad, por lo que exigen a la Fiscal\u00eda General del Estado y al municipio de Oaxaca de Ju\u00e1rez dar con el paradero del o de los responsables.&nbsp;<\/p>\n\n\n\n<p>\u201cMi pap\u00e1 era un hombre honrado, sali\u00f3 de su comunidad Santa Mar\u00eda Tavehua en busca de un mejor futuro, fue una persona que tendi\u00f3 la mano a quienes lo necesitaban, y no se fue, nos los quitaron y eso es lo que duele \u201d, dijo su hijo Hern\u00e1n ante cientos de personas que los despidieron este domingo.&nbsp;<\/p>\n\n\n\n<p>Por su parte, integrantes de &nbsp;Unidos Por Tavehua, asociaci\u00f3n sin fines de lucro donde pertenec\u00eda la v\u00edctima, recordaron a Alejo P\u00e9rez como una persona humanista, que particip\u00f3 de manera activa con la asociaci\u00f3n para recaudar fondos en beneficio de la comunidad.<\/p>\n\n\n\n<p>Incluso hab\u00eda sido nombrado para representar a los migrantes radicados en la ciudad de Oaxaca para una reuni\u00f3n programada a &nbsp;fin de mes en su comunidad de origen (Tavehua).<\/p>\n\n\n\n<p>La tierra del barro \u00a0anaranjado se viste de luto, tras la p\u00e9rdida de uno de sus hijos, v\u00edctima de la violencia que se vive en la entidad.<\/p>\n\n\n\n<p>(Nota de Nere Gonz\u00e1lez, Oaxaca Capital)<\/p>\n","protected":false},"excerpt":{"rendered":"<p>Redacci\u00f3n\/Zona Roja. Oaxaca de Ju\u00e1rez, Oax., a 10 de febrero de 2025.- Este domingo familiares,&hellip;<\/p>\n","protected":false},"author":2,"featured_media":77387,"comment_status":"closed","ping_status":"open","sticky":false,"template":"","format":"standard","meta":{"_lmt_disableupdate":"","_lmt_disable":"","_jetpack_memberships_contains_paid_content":false,"footnotes":""},"categories":[109,47],"tags":[],"class_list":["post-77386","post","type-post","status-publish","format-standard","has-post-thumbnail","hentry","category-minuto-a-minuto","category-zona-gris"],"jetpack_featured_media_url":"https:\/\/zonaroja.com.mx\/wp-content\/uploads\/2025\/02\/Don-Alejo-San-Martin-Mexicapam.jpg","jetpack_sharing_enabled":true,"_links":{"self":[{"href":"https:\/\/zonaroja.com.mx\/index.php?rest_route=\/wp\/v2\/posts\/77386","targetHints":{"allow":["GET"]}}],"collection":[{"href":"https:\/\/zonaroja.com.mx\/index.php?rest_route=\/wp\/v2\/posts"}],"about":[{"href":"https:\/\/zonaroja.com.mx\/index.php?rest_route=\/wp\/v2\/types\/post"}],"author":[{"embeddable":true,"href":"https:\/\/zonaroja.com.mx\/index.php?rest_route=\/wp\/v2\/users\/2"}],"replies":[{"embeddable":true,"href":"https:\/\/zonaroja.com.mx\/index.php?rest_route=%2Fwp%2Fv2%2Fcomments&post=77386"}],"version-history":[{"count":1,"href":"https:\/\/zonaroja.com.mx\/index.php?rest_route=\/wp\/v2\/posts\/77386\/revisions"}],"predecessor-version":[{"id":77388,"href":"https:\/\/zonaroja.com.mx\/index.php?rest_route=\/wp\/v2\/posts\/77386\/revisions\/77388"}],"wp:featuredmedia":[{"embeddable":true,"href":"https:\/\/zonaroja.com.mx\/index.php?rest_route=\/wp\/v2\/media\/77387"}],"wp:attachment":[{"href":"https:\/\/zonaroja.com.mx\/index.php?rest_route=%2Fwp%2Fv2%2Fmedia&parent=77386"}],"wp:term":[{"taxonomy":"category","embeddable":true,"href":"https:\/\/zonaroja.com.mx\/index.php?rest_route=%2Fwp%2Fv2%2Fcategories&post=77386"},{"taxonomy":"post_tag","embeddable":true,"href":"https:\/\/zonaroja.com.mx\/index.php?rest_route=%2Fwp%2Fv2%2Ftags&post=77386"}],"curies":[{"name":"wp","href":"https:\/\/api.w.org\/{rel}","templated":true}]}}