{"id":77389,"date":"2025-02-10T22:23:42","date_gmt":"2025-02-11T04:23:42","guid":{"rendered":"https:\/\/zonaroja.com.mx\/?p=77389"},"modified":"2025-02-10T22:23:45","modified_gmt":"2025-02-11T04:23:45","slug":"ampliaran-aeropuerto-internacional-de-oaxaca-destinaran-2-mil-mdp","status":"publish","type":"post","link":"https:\/\/zonaroja.com.mx\/?p=77389","title":{"rendered":"Ampliar\u00e1n aeropuerto internacional de Oaxaca; destinar\u00e1n 2 mil mdp"},"content":{"rendered":"\n<p>Redacci\u00f3n\/Zona Roja.<\/p>\n\n\n\n<p>Oaxaca de Ju\u00e1rez, Oax., a 10 de febrero de 2025.- El aeropuerto internacional \u201cBenito Ju\u00e1rez\u201d de Oaxaca ser\u00e1 rehabilitado y ampliado, con una inversi\u00f3n superior a los dos mil millones de pesos.<\/p>\n\n\n\n<p>Esta ma\u00f1ana en conferencia de prensa, el gobernador Salom\u00f3n Jara Cruz inform\u00f3 sobre los trabajos que se realizar\u00e1n en la terminal a\u00e9rea ubicada en Santa Cruz Xoxocotl\u00e1n, una transformaci\u00f3n sin precedentes que consolidar\u00e1 al estado como un destino tur\u00edstico de talla mundial.<\/p>\n\n\n\n<p>Destac\u00f3 la confianza depositada en el estado por parte de la empresa Aeropuertos del Sureste (Asur), que realiza una inversi\u00f3n por dos mil 120 millones de pesos para esta obra.&nbsp;&nbsp;<\/p>\n\n\n\n<p>El mandatario estatal explic\u00f3 que se cuadruplicar\u00e1 la infraestructura de la terminal a\u00e9rea, que pasar\u00e1 de siete mil a 28 mil metros cuadrados, lo que mejorar\u00e1 no solo la movilidad, sino que impulsar\u00e1 el potencial econ\u00f3mico de Oaxaca.<\/p>\n\n\n\n<p>\u201cEsta expansi\u00f3n traer\u00e1 beneficios tangibles para las y los oaxaque\u00f1os, al duplicar la llegada de visitantes, el impacto econ\u00f3mico ser\u00e1 contundente. La nueva terminal duplicar\u00e1 su capacidad operativa y fortalecer\u00e1 nuestra conectividad, lo que facilitar\u00e1 el comercio exterior con mayores exportaciones e importaciones\u201d, dijo.<\/p>\n\n\n\n<p>Esta nueva era de conectividad y desarrollo, agreg\u00f3, traer\u00e1 beneficios tangibles como el incremento de vuelos internacionales, del flujo de visitantes extranjeros y la entrada de divisas; impulsando el desarrollo econ\u00f3mico y consolidando al estado como un referente del turismo y de inversi\u00f3n en M\u00e9xico.<\/p>\n\n\n\n<p>Jara Cruz afirm\u00f3 que este ambicioso proyecto no es casualidad; responde al posicionamiento de Oaxaca como un destino estrat\u00e9gico para la inversi\u00f3n, y ratifica su primer lugar con mayor crecimiento en el sur-sureste del pa\u00eds y el segundo a nivel nacional, solo por detr\u00e1s de Durango.<\/p>\n\n\n\n<figure class=\"wp-block-embed is-type-rich is-provider-twitter wp-block-embed-twitter\"><div class=\"wp-block-embed__wrapper\">\n<div class=\"twitter-tweet\"><blockquote class=\"twitter-tweet\" data-lang=\"es\"><p lang=\"es\" dir=\"ltr\">Desde la terminal a\u00e9rea, esta ma\u00f1ana el gobernador <a href=\"https:\/\/twitter.com\/salomonj?ref_src=twsrc%5Etfw\">@salomonj<\/a> anunci\u00f3 la ampliaci\u00f3n del aeropuerto internacional \u201cBenito Ju\u00e1rez\u201d de Oaxaca, por parte de ASUR. <br>Escuche: <a href=\"https:\/\/t.co\/wKY2vLukoc\">pic.twitter.com\/wKY2vLukoc<\/a><\/p>&mdash; Zona Roja Oaxaca (@ZonaRoja_Oaxaca) <a href=\"https:\/\/twitter.com\/ZonaRoja_Oaxaca\/status\/1888973728999964887?ref_src=twsrc%5Etfw\">10 de febrero de 2025<\/a><\/blockquote><\/div>\n<\/div><\/figure>\n\n\n\n<p>CRECIENTE TR\u00c1FICO<\/p>\n\n\n\n<p>Aunado a ello, destac\u00f3 que, al cierre de diciembre del 2024, este aeropuerto registr\u00f3 un aumento del 5.52 por ciento en el tr\u00e1fico de pasajeros, que represent\u00f3 93 mil 531 personas viajeras adicionales.&nbsp;<\/p>\n\n\n\n<p>Respecto a las y los pasajeros nacionales se tuvo un alza del 5.12 por ciento, y un impresionante 20.28 por ciento en pasajeros internacionales, muestra clara del atractivo creciente de Oaxaca en el escenario global.<\/p>\n\n\n\n<p>Por su parte, el administrador general del Aeropuerto Internacional de Oaxaca, Jorge Carlos Campos Romero, se\u00f1al\u00f3 que los trabajos de remodelaci\u00f3n y ampliaci\u00f3n comenzaron en enero de este a\u00f1o, y se espera concluyan en diciembre 2028.<\/p>\n\n\n\n<p>Explic\u00f3 que las \u00e1reas que se intervendr\u00e1n son: mostradores de documentaci\u00f3n, filtros de revisi\u00f3n de pasajeros, recepci\u00f3n de equipaje nacional e internacional, m\u00f3dulos de migraci\u00f3n, l\u00edneas de inspecci\u00f3n de aduanas, posiciones de aeronaves, aeropasillos, sala de \u00faltima espera, comercial, elevadores y escaleras el\u00e9ctricas.<\/p>\n\n\n\n<figure class=\"wp-block-embed is-type-rich is-provider-twitter wp-block-embed-twitter\"><div class=\"wp-block-embed__wrapper\">\n<div class=\"twitter-tweet\"><blockquote class=\"twitter-tweet\" data-lang=\"es\"><p lang=\"es\" dir=\"ltr\">En la conferencia de prensa del gobernador <a href=\"https:\/\/twitter.com\/salomonj?ref_src=twsrc%5Etfw\">@salomonj<\/a>, el administrador general del Aeropuerto Internacional de Oaxaca, Jorge Carlos Campos Romero se\u00f1al\u00f3 que los trabajos de remodelaci\u00f3n y ampliaci\u00f3n de la terminal a\u00e9rea comenzaron en enero de este a\u00f1o, y se espera concluyan en\u2026 <a href=\"https:\/\/t.co\/93SJCE71Og\">pic.twitter.com\/93SJCE71Og<\/a><\/p>&mdash; Zona Roja Oaxaca (@ZonaRoja_Oaxaca) <a href=\"https:\/\/twitter.com\/ZonaRoja_Oaxaca\/status\/1889057816901525709?ref_src=twsrc%5Etfw\">10 de febrero de 2025<\/a><\/blockquote><\/div>\n<\/div><\/figure>\n","protected":false},"excerpt":{"rendered":"<p>Redacci\u00f3n\/Zona Roja. Oaxaca de Ju\u00e1rez, Oax., a 10 de febrero de 2025.- El aeropuerto internacional&hellip;<\/p>\n","protected":false},"author":2,"featured_media":77390,"comment_status":"closed","ping_status":"open","sticky":false,"template":"","format":"standard","meta":{"_lmt_disableupdate":"","_lmt_disable":"","_jetpack_memberships_contains_paid_content":false,"footnotes":""},"categories":[109,46],"tags":[939],"class_list":["post-77389","post","type-post","status-publish","format-standard","has-post-thumbnail","hentry","category-minuto-a-minuto","category-zona-blanca","tag-salomon-jara-cruz"],"jetpack_featured_media_url":"https:\/\/zonaroja.com.mx\/wp-content\/uploads\/2025\/02\/Ampliacion-de-Aeropuerto-Internacional-de-Oaxaca-consolidara-a-la-entidad-como-destino-de-talla-mundial-Salomon-Jara-3.jpg","jetpack_sharing_enabled":true,"_links":{"self":[{"href":"https:\/\/zonaroja.com.mx\/index.php?rest_route=\/wp\/v2\/posts\/77389","targetHints":{"allow":["GET"]}}],"collection":[{"href":"https:\/\/zonaroja.com.mx\/index.php?rest_route=\/wp\/v2\/posts"}],"about":[{"href":"https:\/\/zonaroja.com.mx\/index.php?rest_route=\/wp\/v2\/types\/post"}],"author":[{"embeddable":true,"href":"https:\/\/zonaroja.com.mx\/index.php?rest_route=\/wp\/v2\/users\/2"}],"replies":[{"embeddable":true,"href":"https:\/\/zonaroja.com.mx\/index.php?rest_route=%2Fwp%2Fv2%2Fcomments&post=77389"}],"version-history":[{"count":1,"href":"https:\/\/zonaroja.com.mx\/index.php?rest_route=\/wp\/v2\/posts\/77389\/revisions"}],"predecessor-version":[{"id":77391,"href":"https:\/\/zonaroja.com.mx\/index.php?rest_route=\/wp\/v2\/posts\/77389\/revisions\/77391"}],"wp:featuredmedia":[{"embeddable":true,"href":"https:\/\/zonaroja.com.mx\/index.php?rest_route=\/wp\/v2\/media\/77390"}],"wp:attachment":[{"href":"https:\/\/zonaroja.com.mx\/index.php?rest_route=%2Fwp%2Fv2%2Fmedia&parent=77389"}],"wp:term":[{"taxonomy":"category","embeddable":true,"href":"https:\/\/zonaroja.com.mx\/index.php?rest_route=%2Fwp%2Fv2%2Fcategories&post=77389"},{"taxonomy":"post_tag","embeddable":true,"href":"https:\/\/zonaroja.com.mx\/index.php?rest_route=%2Fwp%2Fv2%2Ftags&post=77389"}],"curies":[{"name":"wp","href":"https:\/\/api.w.org\/{rel}","templated":true}]}}