{"id":77399,"date":"2025-02-11T09:19:00","date_gmt":"2025-02-11T15:19:00","guid":{"rendered":"https:\/\/zonaroja.com.mx\/?p=77399"},"modified":"2025-02-11T07:20:14","modified_gmt":"2025-02-11T13:20:14","slug":"sin-asamblea-ni-comicios-eligen-nuevo-comite-en-sindicato-de-burocratas","status":"publish","type":"post","link":"https:\/\/zonaroja.com.mx\/?p=77399","title":{"rendered":"Sin asamblea ni comicios, eligen nuevo comit\u00e9 en Sindicato de Bur\u00f3cratas"},"content":{"rendered":"\n<p>Raymundo Morales\/Zona Roja.<\/p>\n\n\n\n<p>Oaxaca de Ju\u00e1rez, Oax., a 11 de febrero de 2025.- Violando los requisitos contemplados en la convocatoria, el Sindicato de Trabajadores al Servicio de los Poderes e Instituciones Descentralizadas de Car\u00e1cter Estatal de Oaxaca (STPEIDCEO) design\u00f3 anoche un nuevo comit\u00e9 ejecutivo.<\/p>\n\n\n\n<p>De acuerdo con el documento dado a conocer la semana pasada, para el jueves 13 de febrero se ten\u00eda programada la jornada electoral para que los m\u00e1s de 13 mil empleados del gobierno emitieron su voto.<\/p>\n\n\n\n<p>Sin embargo, sin mediar acuerdo de la base trabajadora, ayer se dio a conocer la dirigencia sindical para el periodo 2025-2028, cuya secretaria General es Carmen Z\u00e1rate Rojas.<\/p>\n\n\n\n<p>En las oficinas del gremio, ubicadas en la zona norte de la ciudad de Oaxaca, se efectu\u00f3 el relevo con la presencia de Pedro Castillejos Villalobos, cuyo periodo al frente de la Secretar\u00eda General feneci\u00f3 la semana pasada, al igual que los dem\u00e1s integrantes de la dirigencia.<\/p>\n\n\n\n<p>Presuntamente los nuevos integrantes del comit\u00e9 son en su mayor\u00eda de la planilla Verde, pero tambi\u00e9n fueron incorporados miembros de otras corrientes internas.<\/p>\n\n\n\n<p>La Comisi\u00f3n Electoral designada argument\u00f3 que s\u00f3lo una planilla se registr\u00f3 para contender por la dirigencia por lo cual decidi\u00f3 designarla como comit\u00e9 ejecutivo.<\/p>\n\n\n\n<p>Entre otros, lo conforman Jos\u00e9 Manuel Revilla Segura, secretario de Actas y Acuerdos; Rodolfo Cabrera Z\u00e1rate; secretario de Finanzas;&nbsp; Eduardo Alfonso Escobar Mar\u00edn; secretario de Organizaci\u00f3n y Propaganda; Nieves Ortiz P\u00e9rez, secretaria de Escalaf\u00f3n.<\/p>\n\n\n\n<p>Tambi\u00e9n Janet Virania Luis Santos, ecretaria de Trabajo y Conflictos; Margarita Cruz Antonio, secretaria de Previsi\u00f3n Social; Isabel D\u00edaz G\u00f3mez, secretaria del Interior, y Felipe de Jes\u00fas D\u00edaz Arag\u00f3n, secretario de Asuntos Culturales y Deportivos.<\/p>\n","protected":false},"excerpt":{"rendered":"<p>Raymundo Morales\/Zona Roja. Oaxaca de Ju\u00e1rez, Oax., a 11 de febrero de 2025.- Violando los&hellip;<\/p>\n","protected":false},"author":2,"featured_media":77400,"comment_status":"closed","ping_status":"open","sticky":false,"template":"","format":"standard","meta":{"_lmt_disableupdate":"","_lmt_disable":"","_jetpack_memberships_contains_paid_content":false,"footnotes":""},"categories":[109,47],"tags":[972],"class_list":["post-77399","post","type-post","status-publish","format-standard","has-post-thumbnail","hentry","category-minuto-a-minuto","category-zona-gris","tag-stpeidceo"],"jetpack_featured_media_url":"https:\/\/zonaroja.com.mx\/wp-content\/uploads\/2025\/02\/Nueva-dirigencia-STEPEIDCEO.jpeg","jetpack_sharing_enabled":true,"_links":{"self":[{"href":"https:\/\/zonaroja.com.mx\/index.php?rest_route=\/wp\/v2\/posts\/77399","targetHints":{"allow":["GET"]}}],"collection":[{"href":"https:\/\/zonaroja.com.mx\/index.php?rest_route=\/wp\/v2\/posts"}],"about":[{"href":"https:\/\/zonaroja.com.mx\/index.php?rest_route=\/wp\/v2\/types\/post"}],"author":[{"embeddable":true,"href":"https:\/\/zonaroja.com.mx\/index.php?rest_route=\/wp\/v2\/users\/2"}],"replies":[{"embeddable":true,"href":"https:\/\/zonaroja.com.mx\/index.php?rest_route=%2Fwp%2Fv2%2Fcomments&post=77399"}],"version-history":[{"count":1,"href":"https:\/\/zonaroja.com.mx\/index.php?rest_route=\/wp\/v2\/posts\/77399\/revisions"}],"predecessor-version":[{"id":77401,"href":"https:\/\/zonaroja.com.mx\/index.php?rest_route=\/wp\/v2\/posts\/77399\/revisions\/77401"}],"wp:featuredmedia":[{"embeddable":true,"href":"https:\/\/zonaroja.com.mx\/index.php?rest_route=\/wp\/v2\/media\/77400"}],"wp:attachment":[{"href":"https:\/\/zonaroja.com.mx\/index.php?rest_route=%2Fwp%2Fv2%2Fmedia&parent=77399"}],"wp:term":[{"taxonomy":"category","embeddable":true,"href":"https:\/\/zonaroja.com.mx\/index.php?rest_route=%2Fwp%2Fv2%2Fcategories&post=77399"},{"taxonomy":"post_tag","embeddable":true,"href":"https:\/\/zonaroja.com.mx\/index.php?rest_route=%2Fwp%2Fv2%2Ftags&post=77399"}],"curies":[{"name":"wp","href":"https:\/\/api.w.org\/{rel}","templated":true}]}}