{"id":7740,"date":"2020-01-16T17:46:00","date_gmt":"2020-01-16T23:46:00","guid":{"rendered":"http:\/\/www.zonaroja.com.mx\/?p=7740"},"modified":"2020-01-16T17:46:06","modified_gmt":"2020-01-16T23:46:06","slug":"impunidad-en-oaxaca-solo-muertas-nos-escuchan-ex-agente-de-fiscalia-exige-justicia","status":"publish","type":"post","link":"https:\/\/zonaroja.com.mx\/?p=7740","title":{"rendered":"Impunidad en Oaxaca: \u201cS\u00f3lo muertas nos escuchan\u201d; ex agente de Fiscal\u00eda exige justicia"},"content":{"rendered":"\n<p>Yuridiana\nSosa\/Zona Roja.<\/p>\n\n\n\n<p>Oaxaca de\nJu\u00e1rez, Oax., 16 de enero de 2020.- El sue\u00f1o de ser parte de la justicia en\nOaxaca acab\u00f3 pronto para Lucero. <\/p>\n\n\n\n<p>Desde las\nentra\u00f1as de la Fiscal\u00eda General del Estado (FGE) la vida de la joven de 31 a\u00f1os\nse quebr\u00f3. Su caso, v\u00edctima de una violaci\u00f3n, es uno m\u00e1s para el archivo de la\nFiscal\u00eda Especializada para la Atenci\u00f3n a Delitos Contra la Mujer por Raz\u00f3n de\nG\u00e9nero.<\/p>\n\n\n\n<p>La\ninvestigaci\u00f3n bajo el n\u00famero 17679\/FMUJ\/USEX\/2019 no avanza. Es m\u00e1s, piden\ntestigos para respaldar el caso que, a decir del personal del Ministerio\nP\u00fablico, es d\u00e9bil, refiere la v\u00edctima en entrevista para Zona Roja.<\/p>\n\n\n\n<p>La ex\nintegrante de Fuerza Especial de Reacci\u00f3n Inmediata (FERI), de la Agencia\nEstatal de Investigaciones (AEI), a cargo de la FGE, tambi\u00e9n se\u00f1al\u00f3 en su\ndeclaraci\u00f3n una serie de hechos violatorios en su contra. Abuso de poder, acoso\nsexual, hostigamiento sexual y laboral.<\/p>\n\n\n\n<p>Frustrada\npor la injusticia, Lucero explica que la investigaci\u00f3n quiz\u00e1 no avanza porque\nsu victimario principal es el director de la FERI, Te\u00f3filo Ruiz Carmona, entre\notros cuatro comandantes de esa corporaci\u00f3n.<\/p>\n\n\n\n<p>Este caso\ntambi\u00e9n qued\u00f3 asentado en la Defensor\u00eda de los Derechos Humanos del Pueblo de\nOaxaca, bajo el expediente DDHPO\/1038\/(01)OAX\/2019, pues adem\u00e1s ha recibido\namenazas de sus agresores para que retire el proceso penal o podr\u00edan afectar a\nsu padre.<\/p>\n\n\n\n<p>El fiscal\nRub\u00e9n Vasconcelos M\u00e9ndez jam\u00e1s la recibi\u00f3 para escucharla, recuerda la joven\nmadre con estudios de Criminolog\u00eda y Criminalista, quien desde su retiro de la\ncorporaci\u00f3n y ante los hechos no ha logrado incorporarse al mundo laboral. <\/p>\n\n\n\n<p>\u201cNo\nencuentro el valor de pararme frente a la gente, menos frente a un hombre\u201d, sostiene\ncon la voz quebrantada.<\/p>\n\n\n\n<p>AGRESI\u00d3N\nDESDE MP<\/p>\n\n\n\n<p>\u201cEsto no se\nsupera (\u2026) S\u00f3lo muertas nos escuchan, qu\u00e9 m\u00e1s da\u00f1os quieren que nos causen\u201d,\nsentencia la ex agente ante la tardanza e incluso se\u00f1alamientos por raz\u00f3n de\ng\u00e9nero que recibi\u00f3 por parte del Ministerio P\u00fablico al realizar su demanda.<\/p>\n\n\n\n<p>En la\nentrevista, Lucero fue cuestionada c\u00f3mo iba vestida en el momento que fue\natacada sexualmente por su agresor. \u201cMe hicieron sentir culpable\u201d, confiesa, a\npesar que cada uno de los actos en su contra se realizaron en el entorno\nlaboral, cuando vest\u00eda su uniforme.<\/p>\n\n\n\n<p>Por\nverg\u00fcenza y miedo, la mujer realiz\u00f3 una primera denuncia por abuso sexual y\nhostigamiento ante los hechos ocurridos en 2018, luego de casi un a\u00f1o de sufrir\nlas agresiones. Sin embargo, se decidi\u00f3 a confesar que tambi\u00e9n se trat\u00f3 de una\nviolaci\u00f3n, por lo que el proceso de reclasificaci\u00f3n de delito es una excusa m\u00e1s\npara dilatar en el proceso.<\/p>\n\n\n\n<p>Para\nreforzar la investigaci\u00f3n le solicitan testigos, pero bajo esas circunstancias,\ndonde el agresor es el jefe, los mandos medios tambi\u00e9n son victimarios y el\nresto teme de un despido, castigo u hostigamiento laboral, no hay quien apoye\nsu declaraci\u00f3n.<\/p>\n\n\n\n<p>Lucero se\nsiente desesperada. Renunci\u00f3 a su trabajo, cambi\u00f3 de domicili\u00f3. Trat\u00f3 de buscar\nuna nueva vida junto a sus hijos, quienes tambi\u00e9n sufren los hechos y de la\nimpunidad.<\/p>\n\n\n\n<p>Mientras que\nRuiz Carmina contin\u00faa al mando de la FERI; de este comandante, con varios\nlustros en el cargo, pesan diversas denuncias de acoso sexual, pese a que \u00e9l es\nresponsable de indagar casos especiales de feminicidio y agresiones a mujeres,\npor encargo del fiscal Vasconcelos, de quien recibe \u00f3rdenes de manera directa.<\/p>\n\n\n\n<p>OTRO CASO\nIMPUNE<\/p>\n\n\n\n<p>Para\nAlfonsina el caso no es menos grave. Ella perdi\u00f3 a su beb\u00e9 como consecuencia\ndel abuso de autoridad de sus altos mandos en distintas unidades de la Fiscal\u00eda\nGeneral del Estado, en donde los problemas comenzaron por impedir el abuso\nsexual de uno de ellos frente a una serie de constante acoso.<\/p>\n\n\n\n<p>El caso,\ndonde el se\u00f1alado tambi\u00e9n es el director del Fuerza Especial de Reacci\u00f3n\nInmediata (FERI), Te\u00f3filo Ruiz Carmona, qued\u00f3 asentado ante la Fiscal\u00eda\nEspecializada para la Atenci\u00f3n a Delitos Contra la Mujer por Raz\u00f3n de G\u00e9nero y\nen la Defensor\u00eda de Derechos Humanos del Pueblo de Oaxaca con el expediente\nDDHPO\/725\/(01)\/ OAX\/2019.<\/p>\n\n\n\n<p>Tres meses\ndespu\u00e9s de llegar a la FERI, como parte de su superaci\u00f3n laboral y profesional,\ny durante su primer operativo, en marzo de 2019, el director trat\u00f3 de abusar\nsexualmente de ella, a quien reubic\u00f3 de unidad, con menos salario, como una\nrepresi\u00f3n.<\/p>\n\n\n\n<p>La mujer de\n36 a\u00f1os, quien se mantienen como trabajadora de la Fiscal\u00eda General del Estado,\nno se rinde en busca de justicia, pues como parte de las represiones que sufri\u00f3\nse encuentra la asignaci\u00f3n a unidades operativas que expusieron su embarazo de\nalto riesgo, aun bajo el conocimiento de los comandantes.<\/p>\n\n\n\n<p>Por los\ndistintos abusos, Alfonsina tambi\u00e9n responsabiliz\u00f3 al ex director de la Agencia\nEstatal de Investigaci\u00f3n, el Comandante, Francisco Ginez; el Supervisor\nComandante, Sonfon\u00edas Hern\u00e1ndez y la Comandante de Feminicidios, Elizabeth Torija.<\/p>\n\n\n\n<p>Alfonsina no\npierde las esperanzas y a\u00fan conf\u00eda en que el fiscal Rub\u00e9n Vasconcelos no dejar\u00e1\npasar por alto su caso y el de Lucero, quienes sufrieron las agresiones dentro\nde \u201ccasa\u201d, donde supuestamente se procura la justicia.<\/p>\n\n\n\n<p>El FERI fue\ncreado en 1997 para llevar a cabo comisiones de combate de acci\u00f3n directa e\nindirecta, &nbsp;mediante operaciones\nofensivas que cubren un amplio espectro de operaciones; se dedican asimismo a\nobtener informaci\u00f3n por distintas v\u00edas y est\u00e1n al mando directo del titular de\nla Fiscal\u00eda General del Estado; Ruiz Carmona permanece en el cargo pese a\ndiversas denuncias de acoso, adem\u00e1s de ingresar a amigos y familiares en la\ncorporaci\u00f3n.<\/p>\n","protected":false},"excerpt":{"rendered":"<p>Yuridiana Sosa\/Zona Roja. Oaxaca de Ju\u00e1rez, Oax., 16 de enero de 2020.- El sue\u00f1o de&hellip;<\/p>\n","protected":false},"author":2,"featured_media":7741,"comment_status":"closed","ping_status":"open","sticky":false,"template":"","format":"standard","meta":{"_lmt_disableupdate":"","_lmt_disable":"","_jetpack_memberships_contains_paid_content":false,"footnotes":""},"categories":[109,51],"tags":[1285],"class_list":["post-7740","post","type-post","status-publish","format-standard","has-post-thumbnail","hentry","category-minuto-a-minuto","category-zona-roja","tag-fuerza-especial-de-reaccion-inmediata-feri"],"jetpack_featured_media_url":"https:\/\/zonaroja.com.mx\/wp-content\/uploads\/2020\/01\/Fiscal\u00eda-General-del-Estado.jpg","jetpack_sharing_enabled":true,"_links":{"self":[{"href":"https:\/\/zonaroja.com.mx\/index.php?rest_route=\/wp\/v2\/posts\/7740","targetHints":{"allow":["GET"]}}],"collection":[{"href":"https:\/\/zonaroja.com.mx\/index.php?rest_route=\/wp\/v2\/posts"}],"about":[{"href":"https:\/\/zonaroja.com.mx\/index.php?rest_route=\/wp\/v2\/types\/post"}],"author":[{"embeddable":true,"href":"https:\/\/zonaroja.com.mx\/index.php?rest_route=\/wp\/v2\/users\/2"}],"replies":[{"embeddable":true,"href":"https:\/\/zonaroja.com.mx\/index.php?rest_route=%2Fwp%2Fv2%2Fcomments&post=7740"}],"version-history":[{"count":1,"href":"https:\/\/zonaroja.com.mx\/index.php?rest_route=\/wp\/v2\/posts\/7740\/revisions"}],"predecessor-version":[{"id":7742,"href":"https:\/\/zonaroja.com.mx\/index.php?rest_route=\/wp\/v2\/posts\/7740\/revisions\/7742"}],"wp:featuredmedia":[{"embeddable":true,"href":"https:\/\/zonaroja.com.mx\/index.php?rest_route=\/wp\/v2\/media\/7741"}],"wp:attachment":[{"href":"https:\/\/zonaroja.com.mx\/index.php?rest_route=%2Fwp%2Fv2%2Fmedia&parent=7740"}],"wp:term":[{"taxonomy":"category","embeddable":true,"href":"https:\/\/zonaroja.com.mx\/index.php?rest_route=%2Fwp%2Fv2%2Fcategories&post=7740"},{"taxonomy":"post_tag","embeddable":true,"href":"https:\/\/zonaroja.com.mx\/index.php?rest_route=%2Fwp%2Fv2%2Ftags&post=7740"}],"curies":[{"name":"wp","href":"https:\/\/api.w.org\/{rel}","templated":true}]}}