{"id":77405,"date":"2025-02-11T11:25:00","date_gmt":"2025-02-11T17:25:00","guid":{"rendered":"https:\/\/zonaroja.com.mx\/?p=77405"},"modified":"2025-02-11T07:26:24","modified_gmt":"2025-02-11T13:26:24","slug":"paga-gobierno-de-oaxaca-minimo-vital-a-trabajadores-despedidos","status":"publish","type":"post","link":"https:\/\/zonaroja.com.mx\/?p=77405","title":{"rendered":"Paga gobierno de Oaxaca \u201cm\u00ednimo vital\u201d a trabajadores despedidos\u00a0"},"content":{"rendered":"\n<p>Redacci\u00f3n\/Zona Roja.&nbsp;<\/p>\n\n\n\n<p>Oaxaca de Ju\u00e1rez, Oax., a 11 de febrero de 2025.- La Secretar\u00eda de Administraci\u00f3n inform\u00f3 que el gobierno de Oaxaca, en cumplimiento a las resoluciones de juzgados de distrito, realiza el pago del 30 por ciento del m\u00ednimo vital de salario a las personas afectadas por el decreto 24 en la supresi\u00f3n de plazas.<\/p>\n\n\n\n<p>Expres\u00f3 que se est\u00e1 atendiendo a quienes obtuvieron esta suspensi\u00f3n definitiva otorgada por cuatro juzgados de distrito del Poder Judicial Federal.<\/p>\n\n\n\n<p>La dependencia detall\u00f3 que, desde el primer momento en que se recibieron las notificaciones de estas suspensiones, se ha estado cumpliendo con el pago del m\u00ednimo vital.<\/p>\n\n\n\n<p>Expuso que estos pagos se realizan desde la segunda quincena de enero, a partir de que el Gobierno del Estado recibe las debidas notificaciones emitidas por los juzgados.<\/p>\n\n\n\n<p>De esta manera, desminti\u00f3 que la administraci\u00f3n estatal est\u00e9 siendo omisa a estos fallos, como lo han acusado algunas personas extrabajadoras; no obstante, expres\u00f3 que esto se puede deber al desconocimiento que ellas tengan sobre su proceso debido a las cuestiones t\u00e9cnicas, aunado a los datos falsos que les digan sus abogados.<\/p>\n\n\n\n<p>Asimismo, la Secretar\u00eda destac\u00f3 que este pago no es retroactivo, el cual se cubre a partir de que llega la notificaci\u00f3n en donde se establece que se suspenden los efectos del decreto.<\/p>\n\n\n\n<p>Respecto a los servicios del IMSS, el Gobierno del Estado sostiene pl\u00e1ticas con esa instituci\u00f3n para que los extrabajadores reciban ininterrumpidamente los servicios m\u00e9dicos.<\/p>\n\n\n\n<p>NO HAY COBROS EXTRA<\/p>\n\n\n\n<p>Por otro lado, la Secretar\u00eda de Administraci\u00f3n del Gobierno del Estado de Oaxaca afirm\u00f3 que es falsa la informaci\u00f3n que circula en redes sociales sobre el supuesto cobro para la reinstalaci\u00f3n de bases, que fueron revocadas en meses anteriores.<\/p>\n\n\n\n<p>La dependencia aclara que, en ning\u00fan momento ha emitido disposiciones para exigir pagos relacionados con este proceso, por lo que exhorta a la ciudadan\u00eda a no dejarse enga\u00f1ar por informaci\u00f3n sin sustento.<\/p>\n\n\n\n<p>Asimismo, llama a no dejarse sorprender por publicaciones fraudulentas que circulan a trav\u00e9s de redes sociales y\/o plataformas con relaci\u00f3n a la revocaci\u00f3n de plazas de nombramiento confianza.<\/p>\n\n\n\n<p>El titular de la Secretar\u00eda de Administraci\u00f3n, Noel Hern\u00e1ndez Rito reitera su compromiso con la transparencia y el buen manejo de los recursos p\u00fablicos, por lo que cualquier informaci\u00f3n oficial ser\u00e1 difundida a trav\u00e9s de los canales institucionales del Gobierno del Estado.<\/p>\n","protected":false},"excerpt":{"rendered":"<p>Redacci\u00f3n\/Zona Roja.&nbsp; Oaxaca de Ju\u00e1rez, Oax., a 11 de febrero de 2025.- La Secretar\u00eda de&hellip;<\/p>\n","protected":false},"author":2,"featured_media":76005,"comment_status":"closed","ping_status":"open","sticky":false,"template":"","format":"standard","meta":{"_lmt_disableupdate":"","_lmt_disable":"","_jetpack_memberships_contains_paid_content":false,"footnotes":""},"categories":[109,47],"tags":[972],"class_list":["post-77405","post","type-post","status-publish","format-standard","has-post-thumbnail","hentry","category-minuto-a-minuto","category-zona-gris","tag-stpeidceo"],"jetpack_featured_media_url":"https:\/\/zonaroja.com.mx\/wp-content\/uploads\/2024\/12\/bases-laborales-protesta-burocratas-gobierno-sTPEIDCEO.jpg","jetpack_sharing_enabled":true,"_links":{"self":[{"href":"https:\/\/zonaroja.com.mx\/index.php?rest_route=\/wp\/v2\/posts\/77405","targetHints":{"allow":["GET"]}}],"collection":[{"href":"https:\/\/zonaroja.com.mx\/index.php?rest_route=\/wp\/v2\/posts"}],"about":[{"href":"https:\/\/zonaroja.com.mx\/index.php?rest_route=\/wp\/v2\/types\/post"}],"author":[{"embeddable":true,"href":"https:\/\/zonaroja.com.mx\/index.php?rest_route=\/wp\/v2\/users\/2"}],"replies":[{"embeddable":true,"href":"https:\/\/zonaroja.com.mx\/index.php?rest_route=%2Fwp%2Fv2%2Fcomments&post=77405"}],"version-history":[{"count":1,"href":"https:\/\/zonaroja.com.mx\/index.php?rest_route=\/wp\/v2\/posts\/77405\/revisions"}],"predecessor-version":[{"id":77406,"href":"https:\/\/zonaroja.com.mx\/index.php?rest_route=\/wp\/v2\/posts\/77405\/revisions\/77406"}],"wp:featuredmedia":[{"embeddable":true,"href":"https:\/\/zonaroja.com.mx\/index.php?rest_route=\/wp\/v2\/media\/76005"}],"wp:attachment":[{"href":"https:\/\/zonaroja.com.mx\/index.php?rest_route=%2Fwp%2Fv2%2Fmedia&parent=77405"}],"wp:term":[{"taxonomy":"category","embeddable":true,"href":"https:\/\/zonaroja.com.mx\/index.php?rest_route=%2Fwp%2Fv2%2Fcategories&post=77405"},{"taxonomy":"post_tag","embeddable":true,"href":"https:\/\/zonaroja.com.mx\/index.php?rest_route=%2Fwp%2Fv2%2Ftags&post=77405"}],"curies":[{"name":"wp","href":"https:\/\/api.w.org\/{rel}","templated":true}]}}