{"id":77407,"date":"2025-02-11T12:29:00","date_gmt":"2025-02-11T18:29:00","guid":{"rendered":"https:\/\/zonaroja.com.mx\/?p=77407"},"modified":"2025-02-11T07:29:45","modified_gmt":"2025-02-11T13:29:45","slug":"opinion-curandose-en-salud","status":"publish","type":"post","link":"https:\/\/zonaroja.com.mx\/?p=77407","title":{"rendered":"Opini\u00f3n. Cur\u00e1ndose en salud"},"content":{"rendered":"\n<p>Isidoro Yescas*<\/p>\n\n\n\n<p>M\u00e1s que&nbsp;una&nbsp;respuesta&nbsp;a&nbsp;las demandas&nbsp;del magisterio oaxaque\u00f1o, el anuncio gubernamental de la creaci\u00f3n de lo&nbsp;que ser\u00e1&nbsp;la Ciudad de la Salud deriv\u00f3&nbsp;de una exigencia del gobierno federal para atender el rezago hospitalario de nuestra entidad.&nbsp;<\/p>\n\n\n\n<p>Y no es para menos pues este rezago y abandono no solamente de los servicios hospitalarios sino del sistema de salud en general, ya va para cuatro sexenios.&nbsp;<\/p>\n\n\n\n<p>Y los&nbsp;principales &nbsp;referentes&nbsp;de esta larga crisis sanitaria son los hospitales regionales y &nbsp;el Hospital Civil \u201cDr. Aurelio Valdivieso\u201d, en donde &nbsp;los gobiernos solamente han aplicado cirug\u00edas menores, sin atreverse a soluciones de fondo que pongan&nbsp;fin a todos los males que padece.&nbsp;<\/p>\n\n\n\n<p>De esta crisis ahora hay que sumar&nbsp;a&nbsp;los hospitales y cl\u00ednicas&nbsp;que maneja el ISSSTE y el IMSS&nbsp;en donde tambi\u00e9n &nbsp;se ha agudizado la &nbsp;insuficiencia de personal m\u00e9dico especializado, &nbsp;espacios f\u00edsicos&nbsp;,&nbsp;equipamiento y la falta de medicamentos. &nbsp;<\/p>\n\n\n\n<p>En el Plan Estatal de Desarrollo 2022-2024 se reconoce que Oaxaca ocupa el tercer lugar&nbsp;(36.90&nbsp;por ciento) con poblaci\u00f3n sin acceso a los servicios de salud, despu\u00e9s de Michoac\u00e1n y Chiapas.&nbsp;<\/p>\n\n\n\n<p>La misma fuente&nbsp;se\u00f1ala &nbsp;que&nbsp;la poblaci\u00f3n derechohabiente ( ISSSTE-IMSS) contabiliza apenas un 27 por ciento,&nbsp;en tanto que &nbsp;el sistema SSO debe atender a un mill\u00f3n, 793 mil, 021 personas.&nbsp;<\/p>\n\n\n\n<p>Y sin presupuesto para darle mantenimiento a toda la infraestructura hospitalaria con la que cuenta los SSO, como en el mismo PED se reconoce, los problemas se han multiplicado.&nbsp;<\/p>\n\n\n\n<p>Grosso modo, ese el contexto en el que ahora se anuncia la construcci\u00f3n de algo que pretensiosamente se denominar\u00e1 Ciudad de la&nbsp;Salud&nbsp;y&nbsp;que se estar\u00eda reduciendo&nbsp;a&nbsp;la ampliaci\u00f3n del Centro de Salud ubicado en Guadalupe Hidalgo, Etla para convertirlo en un hospital regional,&nbsp;mediante una inversi\u00f3n inicial &nbsp;de 3 mil millones de pesos.&nbsp;(declaraci\u00f3n&nbsp;del Consejo Jur\u00eddico Giovanny&nbsp;V\u00e1squez, en Quadrat\u00edn&nbsp;Oaxaca, febrero 4 del 2025).<\/p>\n\n\n\n<p>Otra falacia: tampoco este proyecto responde a las demandas del magisterio de la secci\u00f3n 22 del SNTE, como en su momento se boletin\u00f3 desde el gobierno del estado, pues&nbsp;lo que el 20 de octubre del 2024 la CNTE&nbsp;(y&nbsp;no solamente la Secci\u00f3n 22) solicit\u00f3 a la Direcci\u00f3n General del ISSSTE fue la creaci\u00f3n &nbsp;a nivel nacional de un Instituto de Seguridad Social Solidaria al Servicio de los Trabajadores. Se deduce que en un intento para refundar al&nbsp;ISSSTE.<\/p>\n\n\n\n<p>As\u00ed las cosas, y sin&nbsp;atender todav\u00eda de fondo la crisis terminal que vive el Hospital Civil y con serios problemas laborales en \u00e9ste y otros hospitales regionales&nbsp;y centros de salud&nbsp;de la entidad, ahora el gobierno del estado sale al paso con un proyecto que, por lo visto,&nbsp;es una m\u00e1s de sus falsas salidas a la crisis que en materia de salud padece nuestra entidad y que, por lo dem\u00e1s,&nbsp;no responde de ninguna manera a las demandas que en materia de salud ha planteado&nbsp;la secci\u00f3n 22 del SNTE para sus agremiados y agremiadas&nbsp;(centrado b\u00e1sicamente en el sistema ISSSTE)&nbsp;.<\/p>\n\n\n\n<p>Por lo mismo habr\u00e1&nbsp;que estar atentos hasta d\u00f3nde la&nbsp;ampliaci\u00f3n del Centro de Salud de Guadalupe Hidalgo, Etla, cubrir\u00e1 la alta demanda de &nbsp;servicios m\u00e9dicos de la poblaci\u00f3n no derechohabiente, por lo menos de la que se ubica en los Valles Centrales, y hasta d\u00f3nde podr\u00eda alcanzar la voluntad y compromiso del gobierno primaveral para revertir los grandes rezagos heredados por los tres gobiernos que le antecedieron y los que se&nbsp;han incubado&nbsp;en los dos primeros a\u00f1os del&nbsp;jarismo,&nbsp;ya por negligencia, incapacidad , corrupci\u00f3n o insuficiencia presupuestal.<\/p>\n\n\n\n<p>*Maestro en Sociolog\u00eda.<\/p>\n\n\n\n<p>X:@YescasIsidoro<\/p>\n","protected":false},"excerpt":{"rendered":"<p>Isidoro Yescas* M\u00e1s que&nbsp;una&nbsp;respuesta&nbsp;a&nbsp;las demandas&nbsp;del magisterio oaxaque\u00f1o, el anuncio gubernamental de la creaci\u00f3n de lo&nbsp;que&hellip;<\/p>\n","protected":false},"author":2,"featured_media":71623,"comment_status":"closed","ping_status":"open","sticky":false,"template":"","format":"standard","meta":{"_lmt_disableupdate":"","_lmt_disable":"","_jetpack_memberships_contains_paid_content":false,"footnotes":""},"categories":[456,109],"tags":[3998],"class_list":["post-77407","post","type-post","status-publish","format-standard","has-post-thumbnail","hentry","category-columna","category-minuto-a-minuto","tag-isidoro-yescas-martinez"],"jetpack_featured_media_url":"https:\/\/zonaroja.com.mx\/wp-content\/uploads\/2024\/08\/Opinion.-Isidoro-Yescas.jpg","jetpack_sharing_enabled":true,"_links":{"self":[{"href":"https:\/\/zonaroja.com.mx\/index.php?rest_route=\/wp\/v2\/posts\/77407","targetHints":{"allow":["GET"]}}],"collection":[{"href":"https:\/\/zonaroja.com.mx\/index.php?rest_route=\/wp\/v2\/posts"}],"about":[{"href":"https:\/\/zonaroja.com.mx\/index.php?rest_route=\/wp\/v2\/types\/post"}],"author":[{"embeddable":true,"href":"https:\/\/zonaroja.com.mx\/index.php?rest_route=\/wp\/v2\/users\/2"}],"replies":[{"embeddable":true,"href":"https:\/\/zonaroja.com.mx\/index.php?rest_route=%2Fwp%2Fv2%2Fcomments&post=77407"}],"version-history":[{"count":1,"href":"https:\/\/zonaroja.com.mx\/index.php?rest_route=\/wp\/v2\/posts\/77407\/revisions"}],"predecessor-version":[{"id":77408,"href":"https:\/\/zonaroja.com.mx\/index.php?rest_route=\/wp\/v2\/posts\/77407\/revisions\/77408"}],"wp:featuredmedia":[{"embeddable":true,"href":"https:\/\/zonaroja.com.mx\/index.php?rest_route=\/wp\/v2\/media\/71623"}],"wp:attachment":[{"href":"https:\/\/zonaroja.com.mx\/index.php?rest_route=%2Fwp%2Fv2%2Fmedia&parent=77407"}],"wp:term":[{"taxonomy":"category","embeddable":true,"href":"https:\/\/zonaroja.com.mx\/index.php?rest_route=%2Fwp%2Fv2%2Fcategories&post=77407"},{"taxonomy":"post_tag","embeddable":true,"href":"https:\/\/zonaroja.com.mx\/index.php?rest_route=%2Fwp%2Fv2%2Ftags&post=77407"}],"curies":[{"name":"wp","href":"https:\/\/api.w.org\/{rel}","templated":true}]}}