{"id":77413,"date":"2025-02-11T14:01:09","date_gmt":"2025-02-11T20:01:09","guid":{"rendered":"https:\/\/zonaroja.com.mx\/?p=77413"},"modified":"2025-02-11T14:01:09","modified_gmt":"2025-02-11T20:01:09","slug":"asesinan-a-cuatro-trabajadores-de-la-cfe-en-veracruz-y-tiran-cuerpos-en-oaxaca","status":"publish","type":"post","link":"https:\/\/zonaroja.com.mx\/?p=77413","title":{"rendered":"Asesinan a cuatro trabajadores de la CFE en Veracruz y tiran cuerpos en Oaxaca"},"content":{"rendered":"\n<p>Ismael Garc\u00eda M.\/Zona Roja.&nbsp;<\/p>\n\n\n\n<p>Oaxaca de Ju\u00e1rez, Oax., a 11 de febrero de 2025.- Cuatro trabajadores de la Comisi\u00f3n Federal de Electricidad (CFE) fueron secuestrados y asesinados en Veracruz y sus cuerpos tirados en territorio de Oaxaca.&nbsp;<\/p>\n\n\n\n<p>Fueron localizados &nbsp;la ma\u00f1ana de este 11 de febrero a un costado de la carretera del tramo de Acatl\u00e1n de P\u00e9rez Figueroa a El Amate Veracruz, perteneciente al municipio de Tierra Blanca.&nbsp;<\/p>\n\n\n\n<p>La Fiscal\u00eda General del Estado de Oaxaca confirm\u00f3 el hecho y despleg\u00f3 un equipo multidisciplinario a trav\u00e9s de la Vicefiscal\u00eda Regional de la Cuenca y la Agencia Estatal de Investigaciones, luego de tener conocimiento sobre la localizaci\u00f3n de los cuerpos sin vida.<\/p>\n\n\n\n<p>En un comunicado, dio a conocer que logr\u00f3 establecer que las v\u00edctimas fueron privadas de la libertad en el estado de Veracruz y posteriormente fueron encontrados sin vida en la zona lim\u00edtrofe entre las dos entidades.<\/p>\n\n\n\n<p>Indic\u00f3 que se estableci\u00f3 que las personas sin vida fueron identificadas como F.A.V., J.V.R., A.B. y J.M.N., entre quienes se encontraban trabajadores de la Comisi\u00f3n Federal de Electricidad (CFE) en el municipio de Tierra Blanca, Veracruz.<\/p>\n\n\n\n<p>La Fiscal\u00eda de Oaxaca realiza los trabajos ministeriales para integrar la carpeta de investigaci\u00f3n y posteriormente remitirla a la Fiscal\u00eda General del Estado de Veracruz, instituci\u00f3n que se queda a cargo del caso, y con la cual ya se establecieron los canales de colaboraci\u00f3n con el objetivo de dar con quien o quienes resulten responsables, expuso en su comunicado.&nbsp;<\/p>\n","protected":false},"excerpt":{"rendered":"<p>Ismael Garc\u00eda M.\/Zona Roja.&nbsp; Oaxaca de Ju\u00e1rez, Oax., a 11 de febrero de 2025.- Cuatro&hellip;<\/p>\n","protected":false},"author":2,"featured_media":77412,"comment_status":"closed","ping_status":"open","sticky":false,"template":"","format":"standard","meta":{"_lmt_disableupdate":"","_lmt_disable":"","_jetpack_memberships_contains_paid_content":false,"footnotes":""},"categories":[109,51],"tags":[],"class_list":["post-77413","post","type-post","status-publish","format-standard","has-post-thumbnail","hentry","category-minuto-a-minuto","category-zona-roja"],"jetpack_featured_media_url":"https:\/\/zonaroja.com.mx\/wp-content\/uploads\/2025\/02\/85be88df-6564-4b35-a765-3ff40212c41a-1.jpg","jetpack_sharing_enabled":true,"_links":{"self":[{"href":"https:\/\/zonaroja.com.mx\/index.php?rest_route=\/wp\/v2\/posts\/77413","targetHints":{"allow":["GET"]}}],"collection":[{"href":"https:\/\/zonaroja.com.mx\/index.php?rest_route=\/wp\/v2\/posts"}],"about":[{"href":"https:\/\/zonaroja.com.mx\/index.php?rest_route=\/wp\/v2\/types\/post"}],"author":[{"embeddable":true,"href":"https:\/\/zonaroja.com.mx\/index.php?rest_route=\/wp\/v2\/users\/2"}],"replies":[{"embeddable":true,"href":"https:\/\/zonaroja.com.mx\/index.php?rest_route=%2Fwp%2Fv2%2Fcomments&post=77413"}],"version-history":[{"count":1,"href":"https:\/\/zonaroja.com.mx\/index.php?rest_route=\/wp\/v2\/posts\/77413\/revisions"}],"predecessor-version":[{"id":77414,"href":"https:\/\/zonaroja.com.mx\/index.php?rest_route=\/wp\/v2\/posts\/77413\/revisions\/77414"}],"wp:featuredmedia":[{"embeddable":true,"href":"https:\/\/zonaroja.com.mx\/index.php?rest_route=\/wp\/v2\/media\/77412"}],"wp:attachment":[{"href":"https:\/\/zonaroja.com.mx\/index.php?rest_route=%2Fwp%2Fv2%2Fmedia&parent=77413"}],"wp:term":[{"taxonomy":"category","embeddable":true,"href":"https:\/\/zonaroja.com.mx\/index.php?rest_route=%2Fwp%2Fv2%2Fcategories&post=77413"},{"taxonomy":"post_tag","embeddable":true,"href":"https:\/\/zonaroja.com.mx\/index.php?rest_route=%2Fwp%2Fv2%2Ftags&post=77413"}],"curies":[{"name":"wp","href":"https:\/\/api.w.org\/{rel}","templated":true}]}}