{"id":77421,"date":"2025-02-11T21:52:54","date_gmt":"2025-02-12T03:52:54","guid":{"rendered":"https:\/\/zonaroja.com.mx\/?p=77421"},"modified":"2025-02-11T21:52:56","modified_gmt":"2025-02-12T03:52:56","slug":"muere-nino-baleado-en-chahuites-oaxaca-otro-ejecutado-en-mixtequilla","status":"publish","type":"post","link":"https:\/\/zonaroja.com.mx\/?p=77421","title":{"rendered":"Muere ni\u00f1o baleado en Chahuites, Oaxaca; otro ejecutado en Mixtequilla"},"content":{"rendered":"\n<p>Raymundo Morales\/Zona Roja.<\/p>\n\n\n\n<p>Oaxaca de Ju\u00e1rez, Oax.,a 11 de febrero de 2025.- Un menor de edad perdi\u00f3 la vida tras ser baleado en un ataque armado registrado anoche en el municipio de Chahuites, en la zona oriente del Istmo de Tehuantepec.<\/p>\n\n\n\n<p>Presuntamente un sujeto efectu\u00f3 disparos en un domicilio de la colonia Los Conejos, donde un menor de 12 a\u00f1os de edad recibi\u00f3 impactos en la cabeza, tras lo cual fue trasladado a un hospital.<\/p>\n\n\n\n<p>Sin embargo debido a la gravedad de las lesiones, poco despu\u00e9s perdi\u00f3 la vida; hasta el momento se desconoce al autor del ataque armado as\u00ed como el m\u00f3vil, lo cual ya investiga la Vicefiscal\u00eda Regional del Istmo.<\/p>\n\n\n\n<p>EN MIXTEQUILLA<\/p>\n\n\n\n<p>Por otra parte, en el municipio de Santa Mar\u00eda Mixtequilla un hombre fue ejecutado por m\u00faltiples disparos de arma de fuego.<\/p>\n\n\n\n<p>El crimen se perpetr\u00f3 el domingo por la madrugada en c\u00e9ntricas calles de dicha poblaci\u00f3n istme\u00f1a y la v\u00edctima fue identificada como Eliud S. Q., de 30 a\u00f1os de edad.<\/p>\n\n\n\n<p>La v\u00edctima transitaba a bordo de una motocicleta, cuando fue interceptado por integrantes de un grupo armado, quienes le dispararon en repetidas ocasiones; a falta de polic\u00edas municipales en la zona, lograron escapar.<\/p>\n\n\n\n<p>Presuntamente se trat\u00f3 de un ajuste de cuentas, lo cual tambi\u00e9n indaga la Vicefiscal\u00eda Regional del Istmo.<\/p>\n","protected":false},"excerpt":{"rendered":"<p>Raymundo Morales\/Zona Roja. Oaxaca de Ju\u00e1rez, Oax.,a 11 de febrero de 2025.- Un menor de&hellip;<\/p>\n","protected":false},"author":2,"featured_media":77422,"comment_status":"closed","ping_status":"open","sticky":false,"template":"","format":"standard","meta":{"_lmt_disableupdate":"","_lmt_disable":"","_jetpack_memberships_contains_paid_content":false,"footnotes":""},"categories":[109,51],"tags":[1212,2138],"class_list":["post-77421","post","type-post","status-publish","format-standard","has-post-thumbnail","hentry","category-minuto-a-minuto","category-zona-roja","tag-chahuites","tag-santa-maria-mixtequilla"],"jetpack_featured_media_url":"https:\/\/zonaroja.com.mx\/wp-content\/uploads\/2025\/02\/Ejecutado-Mixtequilla.jpg","jetpack_sharing_enabled":true,"_links":{"self":[{"href":"https:\/\/zonaroja.com.mx\/index.php?rest_route=\/wp\/v2\/posts\/77421","targetHints":{"allow":["GET"]}}],"collection":[{"href":"https:\/\/zonaroja.com.mx\/index.php?rest_route=\/wp\/v2\/posts"}],"about":[{"href":"https:\/\/zonaroja.com.mx\/index.php?rest_route=\/wp\/v2\/types\/post"}],"author":[{"embeddable":true,"href":"https:\/\/zonaroja.com.mx\/index.php?rest_route=\/wp\/v2\/users\/2"}],"replies":[{"embeddable":true,"href":"https:\/\/zonaroja.com.mx\/index.php?rest_route=%2Fwp%2Fv2%2Fcomments&post=77421"}],"version-history":[{"count":1,"href":"https:\/\/zonaroja.com.mx\/index.php?rest_route=\/wp\/v2\/posts\/77421\/revisions"}],"predecessor-version":[{"id":77423,"href":"https:\/\/zonaroja.com.mx\/index.php?rest_route=\/wp\/v2\/posts\/77421\/revisions\/77423"}],"wp:featuredmedia":[{"embeddable":true,"href":"https:\/\/zonaroja.com.mx\/index.php?rest_route=\/wp\/v2\/media\/77422"}],"wp:attachment":[{"href":"https:\/\/zonaroja.com.mx\/index.php?rest_route=%2Fwp%2Fv2%2Fmedia&parent=77421"}],"wp:term":[{"taxonomy":"category","embeddable":true,"href":"https:\/\/zonaroja.com.mx\/index.php?rest_route=%2Fwp%2Fv2%2Fcategories&post=77421"},{"taxonomy":"post_tag","embeddable":true,"href":"https:\/\/zonaroja.com.mx\/index.php?rest_route=%2Fwp%2Fv2%2Ftags&post=77421"}],"curies":[{"name":"wp","href":"https:\/\/api.w.org\/{rel}","templated":true}]}}