{"id":77424,"date":"2025-02-11T22:17:20","date_gmt":"2025-02-12T04:17:20","guid":{"rendered":"https:\/\/zonaroja.com.mx\/?p=77424"},"modified":"2025-02-11T22:17:22","modified_gmt":"2025-02-12T04:17:22","slug":"anuncia-edil-programa-de-iluminacion-para-oaxaca-de-juarez","status":"publish","type":"post","link":"https:\/\/zonaroja.com.mx\/?p=77424","title":{"rendered":"Anuncia edil programa de iluminaci\u00f3n para Oaxaca de Ju\u00e1rez"},"content":{"rendered":"\n<p>Redacci\u00f3n\/Zona Roja.<\/p>\n\n\n\n<p>Oaxaca de Ju\u00e1rez, Oax., 11 de febrero de 2025.- Con la finalidad de devolver a la ciudadan\u00eda espacios p\u00fablicos donde puedan transitar con mayor seguridad, el presidente municipal de Oaxaca de Ju\u00e1rez, Raymundo Chagoya, dio a conocer la puesta en marcha del programa \u00abVecinas y vecinos, transformando juntos las calles\u00bb.<\/p>\n\n\n\n<p>En su conferencia de prensa semanal, el edil de la capital coment\u00f3 que, luego de una visita realizada este lunes por la noche en la Central de Abasto, se constat\u00f3 que hay zonas que carecen de una \u00f3ptima iluminaci\u00f3n, por lo que esta zona comercial ser\u00e1 parte del programa que contempla la instalaci\u00f3n de senderos seguros.<\/p>\n\n\n\n<p>En el recorrido por la Central de Abasto se identificaron 63 \u00e1rboles que se podar\u00e1n, ello con los dict\u00e1menes correspondientes, ya que los ejemplares cuentan con hongos y ra\u00edces superficiales que comprometen la infraestructura y l\u00edneas el\u00e9ctricas.<\/p>\n\n\n\n<p>\u00abSeguiremos trabajando porque una Central de Abasto iluminada beneficia a todas y todos quienes acudimos a realizar nuestras compras a esta tradicional zona comercial\u00bb.<\/p>\n\n\n\n<p>Ray Chagoya refiri\u00f3 que el programa de luminarias \u00abVecinas y vecinos, transformando juntos las calles\u00bb priorizar\u00e1 zonas que est\u00e1n cerca de centros educativos y calles que no cuenten con servicio de alumbrado p\u00fablico. Algunas de ellas contemplan trayectos que van desde Viguera al Jard\u00edn Madero; de Manuel Ruiz a Violetas, y del Monumento a la Madre al Hotel Fort\u00edn Plaza.<\/p>\n\n\n\n<p>Mencion\u00f3 que el programa se aplicar\u00e1 tambi\u00e9n en calles y avenidas que fueron rehabilitadas con el programa de bacheo y reencarpetamiento \u00abTache al bache\u00bb, el cual, destac\u00f3, se ha desarrollado con \u00e9xito en la capital oaxaque\u00f1a.<\/p>\n\n\n\n<p>EN SEGURIDAD<\/p>\n\n\n\n<p>En cuanto al tema de seguridad, el secretario de Seguridad Vecinal, Claudio de Jes\u00fas P\u00e9rez y P\u00e9rez, inform\u00f3 que, del 1 de enero al 10 de febrero, se han recorrido 126,107 kil\u00f3metros en vigilancia, se han realizado 240 reuniones con Comvives, fueron detenidas 117 personas por diversos delitos, se aseguraron cuatro armas y se atendieron 175 accidentes de tr\u00e1nsito.<\/p>\n\n\n\n<p>Respecto a los delitos de alto impacto, del 3 al 10 de febrero la numeralia arroja un homicidio doloso, 15 robos de veh\u00edculos, seis veh\u00edculos con cristalazo, cuatro robos a casa habitaci\u00f3n, 18 robos a transe\u00fante, seis robos a negocios y 52 delitos de violencia familiar. Estas cifras contrastan con el mismo periodo correspondiente al a\u00f1o 2024, lo cual es un indicador de que las acciones decididas dan resultados en beneficio de las vecinas y vecinos.<\/p>\n\n\n\n<p>SESI\u00d3N DE CABILDO<\/p>\n\n\n\n<p>Por otra parte y con el firme compromiso de velar por el bienestar de las vecinas y vecinos, el Ayuntamiento de Oaxaca de Ju\u00e1rez, en sesi\u00f3n ordinaria, aprob\u00f3 dict\u00e1menes y asuntos en cartera que responden a la necesidad de poner orden y priorizar temas en beneficio de la ciudadan\u00eda.<\/p>\n\n\n\n<p>Uno de los dict\u00e1menes aprobados, con 15 votos a favor, fue la autorizaci\u00f3n de la licencia del agente de polic\u00eda municipal de Candiani, Felipe Antonio Garc\u00eda Paz. Asimismo, se autoriz\u00f3 a la Direcci\u00f3n de Comercio en V\u00eda P\u00fablica para expedir permisos temporales con motivo de la festividad del D\u00eda del Amor y la Amistad, conforme a los d\u00edas y horarios establecidos en el dictamen.<\/p>\n\n\n\n<p>En asuntos generales, la Regidur\u00eda de Seguridad Vecinal destac\u00f3 que 700 elementos fueron capacitados en materia de justicia c\u00edvica, en una actividad encabezada por la Alcald\u00eda Municipal y la Secretar\u00eda de Seguridad Vecinal. Esta acci\u00f3n tiene como objetivo garantizar que la seguridad llegue a todas las agencias y colonias.<\/p>\n\n\n\n<p>De igual forma, se dio a conocer la convocatoria para la distinci\u00f3n Mujer Oaxaque\u00f1a 2025, cuyo prop\u00f3sito es reconocer a mujeres destacadas en diversos \u00e1mbitos, como el educativo, cultural y art\u00edstico.<\/p>\n\n\n\n<p>El galard\u00f3n ser\u00e1 entregado el 8 de marzo en Sesi\u00f3n Solemne de Cabildo, y la convocatoria est\u00e1 disponible en la p\u00e1gina web del Municipio de Oaxaca de Ju\u00e1rez.<\/p>\n\n\n\n<p>Finalmente, las y los concejales coincidieron en la importancia de generar una campa\u00f1a permanente para el cuidado del agua, con el objetivo de concientizar a la poblaci\u00f3n sobre la importancia de este recurso vital.<\/p>\n","protected":false},"excerpt":{"rendered":"<p>Redacci\u00f3n\/Zona Roja. Oaxaca de Ju\u00e1rez, Oax., 11 de febrero de 2025.- Con la finalidad de&hellip;<\/p>\n","protected":false},"author":2,"featured_media":77425,"comment_status":"closed","ping_status":"open","sticky":false,"template":"","format":"standard","meta":{"_lmt_disableupdate":"","_lmt_disable":"","_jetpack_memberships_contains_paid_content":false,"footnotes":""},"categories":[109,46],"tags":[4142],"class_list":["post-77424","post","type-post","status-publish","format-standard","has-post-thumbnail","hentry","category-minuto-a-minuto","category-zona-blanca","tag-raymundo-chagoya"],"jetpack_featured_media_url":"https:\/\/zonaroja.com.mx\/wp-content\/uploads\/2025\/02\/Raymundo-Chagoya.jpeg","jetpack_sharing_enabled":true,"_links":{"self":[{"href":"https:\/\/zonaroja.com.mx\/index.php?rest_route=\/wp\/v2\/posts\/77424","targetHints":{"allow":["GET"]}}],"collection":[{"href":"https:\/\/zonaroja.com.mx\/index.php?rest_route=\/wp\/v2\/posts"}],"about":[{"href":"https:\/\/zonaroja.com.mx\/index.php?rest_route=\/wp\/v2\/types\/post"}],"author":[{"embeddable":true,"href":"https:\/\/zonaroja.com.mx\/index.php?rest_route=\/wp\/v2\/users\/2"}],"replies":[{"embeddable":true,"href":"https:\/\/zonaroja.com.mx\/index.php?rest_route=%2Fwp%2Fv2%2Fcomments&post=77424"}],"version-history":[{"count":1,"href":"https:\/\/zonaroja.com.mx\/index.php?rest_route=\/wp\/v2\/posts\/77424\/revisions"}],"predecessor-version":[{"id":77426,"href":"https:\/\/zonaroja.com.mx\/index.php?rest_route=\/wp\/v2\/posts\/77424\/revisions\/77426"}],"wp:featuredmedia":[{"embeddable":true,"href":"https:\/\/zonaroja.com.mx\/index.php?rest_route=\/wp\/v2\/media\/77425"}],"wp:attachment":[{"href":"https:\/\/zonaroja.com.mx\/index.php?rest_route=%2Fwp%2Fv2%2Fmedia&parent=77424"}],"wp:term":[{"taxonomy":"category","embeddable":true,"href":"https:\/\/zonaroja.com.mx\/index.php?rest_route=%2Fwp%2Fv2%2Fcategories&post=77424"},{"taxonomy":"post_tag","embeddable":true,"href":"https:\/\/zonaroja.com.mx\/index.php?rest_route=%2Fwp%2Fv2%2Ftags&post=77424"}],"curies":[{"name":"wp","href":"https:\/\/api.w.org\/{rel}","templated":true}]}}