{"id":77427,"date":"2025-02-12T07:10:00","date_gmt":"2025-02-12T13:10:00","guid":{"rendered":"https:\/\/zonaroja.com.mx\/?p=77427"},"modified":"2025-02-12T06:12:53","modified_gmt":"2025-02-12T12:12:53","slug":"plantean-ampliar-periodo-de-sesiones-en-el-congreso-de-oaxaca","status":"publish","type":"post","link":"https:\/\/zonaroja.com.mx\/?p=77427","title":{"rendered":"Plantean ampliar periodo de sesiones en el Congreso de Oaxaca"},"content":{"rendered":"\n<p>Redacci\u00f3n\/Zona Roja.<\/p>\n\n\n\n<p>Oaxaca de Ju\u00e1rez, Oax., a 12 de febrero de 2025.- Para destinar mayor tiempo al estudio y dictaminaci\u00f3n de las iniciativas, acuerdos y dem\u00e1s expedientes que obran en los \u00f3rganos legislativos, asegurando un enfoque t\u00e9cnico y minucioso para su resoluci\u00f3n oportuna, el presidente de la Junta de Coordinaci\u00f3n Pol\u00edtica de la 66 Legislatura local, Benjam\u00edn Viveros Montalvo, present\u00f3 al pleno una iniciativa para incrementar la duraci\u00f3n del Segundo Per\u00edodo Ordinario de Sesiones.<\/p>\n\n\n\n<p>El tambi\u00e9n coordinador del Grupo Parlamentario de Morena, explic\u00f3 que actualmente el Poder Legislativo tiene dos periodos ordinarios de sesiones al a\u00f1o, el primero que inicia el 15 de noviembre y concluye el 15 de abril; y el segundo periodo que empieza el 01 de julio y culmina el 30 de septiembre.<\/p>\n\n\n\n<p>En este sentido explic\u00f3 que su propuesta contempla que el Segundo Periodo Ordinario de Sesiones concluya el 31 de octubre, lo que representa un incremento de un mes de trabajo parlamentario.<\/p>\n\n\n\n<p>Viveros Montalvo hizo hincapi\u00e9, que con el proyecto de ley por el que se reforman el primer p\u00e1rrafo del art\u00edculo 42 de la Constituci\u00f3n Pol\u00edtica de Oaxaca y el primer p\u00e1rrafo del art\u00edculo 9 de la Ley Org\u00e1nica del Poder Legislativo del Estado, se favorecer\u00e1 el cumplimiento y seguimiento de las deliberaciones de los diferentes Grupos Parlamentarios, las actividades y las relaciones interinstitucionales.<\/p>\n\n\n\n<p>Asimismo, coadyuvar\u00e1 a la conclusi\u00f3n de los planes y programas de las Comisiones Permanentes y las \u00e1reas administrativas. Mientras que, en el \u00e1mbito social, este ajuste contribuir\u00e1 a la representaci\u00f3n inclusiva e incidir\u00e1 en la reducci\u00f3n de cualquier rezago, mediante la agilizaci\u00f3n de los procesos legislativos.<\/p>\n\n\n\n<p>En su exposici\u00f3n de motivos precis\u00f3 que el Estado se encuentra sujeto a contingencias econ\u00f3micas y naturales que inciden en la toma de decisiones, la gobernanza o la organizaci\u00f3n pol\u00edtica \u00abpor ello tenemos el deber de contribuir a la atenci\u00f3n oportuna de las problem\u00e1ticas mencionadas, las cuales se podr\u00e1n atender con el mayor n\u00famero de sesiones plenarias durante el a\u00f1o legislativo\u00bb, subray\u00f3.<\/p>\n\n\n\n<p>Es de destacar que los Congresos de Baja California y Colima cuentan con los periodos de sesiones ordinarias con mayor duraci\u00f3n, de 12 y 10 meses respectivamente.<\/p>\n\n\n\n<p>Esta proposici\u00f3n fue turnada por la Mesa Directiva para su an\u00e1lisis y dictaminaci\u00f3n a los \u00f3rganos legislativos de Estudios Constitucionales; y de R\u00e9gimen, Reglamentos y Pr\u00e1cticas Parlamentarias.<\/p>\n\n\n\n<figure class=\"wp-block-embed is-type-rich is-provider-twitter wp-block-embed-twitter\"><div class=\"wp-block-embed__wrapper\">\n<div class=\"twitter-tweet\"><blockquote class=\"twitter-tweet\" data-lang=\"es\"><p lang=\"es\" dir=\"ltr\">En la sesi\u00f3n del <a href=\"https:\/\/twitter.com\/CongresoOaxaca_?ref_src=twsrc%5Etfw\">@CongresoOaxaca_<\/a> de este martes, el presidente de la Junta de Coordinaci\u00f3n Pol\u00edtica, <a href=\"https:\/\/twitter.com\/BenjaViverosOax?ref_src=twsrc%5Etfw\">@BenjaViverosOax<\/a>, present\u00f3 una iniciativa de reforma para ampliar el lapso de los per\u00edodos ordinarios de sesiones, a fin de incrementar la productividad legislativa. <a href=\"https:\/\/t.co\/psD58OgTgT\">pic.twitter.com\/psD58OgTgT<\/a><\/p>&mdash; Zona Roja Oaxaca (@ZonaRoja_Oaxaca) <a href=\"https:\/\/twitter.com\/ZonaRoja_Oaxaca\/status\/1889342355783680205?ref_src=twsrc%5Etfw\">11 de febrero de 2025<\/a><\/blockquote><\/div>\n<\/div><\/figure>\n","protected":false},"excerpt":{"rendered":"<p>Redacci\u00f3n\/Zona Roja. Oaxaca de Ju\u00e1rez, Oax., a 12 de febrero de 2025.- Para destinar mayor&hellip;<\/p>\n","protected":false},"author":2,"featured_media":77428,"comment_status":"closed","ping_status":"open","sticky":false,"template":"","format":"standard","meta":{"_lmt_disableupdate":"","_lmt_disable":"","_jetpack_memberships_contains_paid_content":false,"footnotes":""},"categories":[109,46,47],"tags":[3664],"class_list":["post-77427","post","type-post","status-publish","format-standard","has-post-thumbnail","hentry","category-minuto-a-minuto","category-zona-blanca","category-zona-gris","tag-benjamin-viveros-montalvo"],"jetpack_featured_media_url":"https:\/\/zonaroja.com.mx\/wp-content\/uploads\/2025\/02\/Dip.-Benjamin-Viveros_Sesion-Ordinaria-Iniciativa-1.jpeg","jetpack_sharing_enabled":true,"_links":{"self":[{"href":"https:\/\/zonaroja.com.mx\/index.php?rest_route=\/wp\/v2\/posts\/77427","targetHints":{"allow":["GET"]}}],"collection":[{"href":"https:\/\/zonaroja.com.mx\/index.php?rest_route=\/wp\/v2\/posts"}],"about":[{"href":"https:\/\/zonaroja.com.mx\/index.php?rest_route=\/wp\/v2\/types\/post"}],"author":[{"embeddable":true,"href":"https:\/\/zonaroja.com.mx\/index.php?rest_route=\/wp\/v2\/users\/2"}],"replies":[{"embeddable":true,"href":"https:\/\/zonaroja.com.mx\/index.php?rest_route=%2Fwp%2Fv2%2Fcomments&post=77427"}],"version-history":[{"count":1,"href":"https:\/\/zonaroja.com.mx\/index.php?rest_route=\/wp\/v2\/posts\/77427\/revisions"}],"predecessor-version":[{"id":77429,"href":"https:\/\/zonaroja.com.mx\/index.php?rest_route=\/wp\/v2\/posts\/77427\/revisions\/77429"}],"wp:featuredmedia":[{"embeddable":true,"href":"https:\/\/zonaroja.com.mx\/index.php?rest_route=\/wp\/v2\/media\/77428"}],"wp:attachment":[{"href":"https:\/\/zonaroja.com.mx\/index.php?rest_route=%2Fwp%2Fv2%2Fmedia&parent=77427"}],"wp:term":[{"taxonomy":"category","embeddable":true,"href":"https:\/\/zonaroja.com.mx\/index.php?rest_route=%2Fwp%2Fv2%2Fcategories&post=77427"},{"taxonomy":"post_tag","embeddable":true,"href":"https:\/\/zonaroja.com.mx\/index.php?rest_route=%2Fwp%2Fv2%2Ftags&post=77427"}],"curies":[{"name":"wp","href":"https:\/\/api.w.org\/{rel}","templated":true}]}}