{"id":77433,"date":"2025-02-12T09:50:00","date_gmt":"2025-02-12T15:50:00","guid":{"rendered":"https:\/\/zonaroja.com.mx\/?p=77433"},"modified":"2025-02-12T06:51:58","modified_gmt":"2025-02-12T12:51:58","slug":"registran-en-oaxaca-10-asesinatos-de-mujeres-en-cinco-semanas","status":"publish","type":"post","link":"https:\/\/zonaroja.com.mx\/?p=77433","title":{"rendered":"Registran en Oaxaca 10 asesinatos de mujeres en cinco semanas\u00a0"},"content":{"rendered":"\n<p>Ismael Garc\u00eda M.\/Zona Roja.<\/p>\n\n\n\n<p>Oaxaca de Ju\u00e1rez, Oax., a 12 de febrero de 2025.- Un sujeto ingres\u00f3 al domicilio de Minerva y con sa\u00f1a le asest\u00f3 varios machetazos hasta quitarle la vida; el caso sigue impune.<\/p>\n\n\n\n<p>Ocurri\u00f3 apenas el pasado mi\u00e9rcoles 5 de febrero en Santo Domingo Zanatepec, municipio de la regi\u00f3n Istmo de Oaxaca y es uno de los 10 probables feminicidios registrados en cinco semanas de este a\u00f1o 2025.<\/p>\n\n\n\n<p>Seg\u00fan el recuento hemerogr\u00e1fico de la asociaci\u00f3n civil GES Mujer, del 1 de enero al 12 de febrero, 10 femeninas han sido privadas de la vida, mientras que durante el a\u00f1o 2024, tiene registrados 95 asesinatos.<\/p>\n\n\n\n<p>Entre los casos ocurridos este a\u00f1o se encuentran, adem\u00e1s de Minerva en Zanatepec, dos presuntos feminicidios en Chinantequilla, municipio de Totontepec Villa de Morelos.<\/p>\n\n\n\n<p>Dos en Santa Luc\u00eda del Camino, una en Salina Cruz, una en Putla Villa de Guerrero, una en Ciudad Ixtepec y una en San Juan Juquila Mixe.<\/p>\n\n\n\n<p>De acuerdo con el Centro de Documentaci\u00f3n del Grupo de Estudios de la Mujer \u201cRosario Castellanos\u201d (GES Mujer), del 1 de diciembre al 2022 al 11 de febrero de este a\u00f1o, van 214 cr\u00edmenes de mujeres.<\/p>\n\n\n\n<p>El 30 por ciento de los casos han ocurrido en municipios de la regi\u00f3n Valles Centrales, el 20 por ciento en el Istmo de Tehuantepec, el 16 por ciento en la Costa, el 12 por ciento en la Mixteca, el 7 por ciento en la Cuenca, entre otros.<\/p>\n","protected":false},"excerpt":{"rendered":"<p>Ismael Garc\u00eda M.\/Zona Roja. Oaxaca de Ju\u00e1rez, Oax., a 12 de febrero de 2025.- Un&hellip;<\/p>\n","protected":false},"author":2,"featured_media":69880,"comment_status":"closed","ping_status":"open","sticky":false,"template":"","format":"standard","meta":{"_lmt_disableupdate":"","_lmt_disable":"","_jetpack_memberships_contains_paid_content":false,"footnotes":""},"categories":[109,47],"tags":[1081],"class_list":["post-77433","post","type-post","status-publish","format-standard","has-post-thumbnail","hentry","category-minuto-a-minuto","category-zona-gris","tag-feminicidios-en-oaxaca"],"jetpack_featured_media_url":"https:\/\/zonaroja.com.mx\/wp-content\/uploads\/2024\/06\/Feminicidios.webp","jetpack_sharing_enabled":true,"_links":{"self":[{"href":"https:\/\/zonaroja.com.mx\/index.php?rest_route=\/wp\/v2\/posts\/77433","targetHints":{"allow":["GET"]}}],"collection":[{"href":"https:\/\/zonaroja.com.mx\/index.php?rest_route=\/wp\/v2\/posts"}],"about":[{"href":"https:\/\/zonaroja.com.mx\/index.php?rest_route=\/wp\/v2\/types\/post"}],"author":[{"embeddable":true,"href":"https:\/\/zonaroja.com.mx\/index.php?rest_route=\/wp\/v2\/users\/2"}],"replies":[{"embeddable":true,"href":"https:\/\/zonaroja.com.mx\/index.php?rest_route=%2Fwp%2Fv2%2Fcomments&post=77433"}],"version-history":[{"count":1,"href":"https:\/\/zonaroja.com.mx\/index.php?rest_route=\/wp\/v2\/posts\/77433\/revisions"}],"predecessor-version":[{"id":77434,"href":"https:\/\/zonaroja.com.mx\/index.php?rest_route=\/wp\/v2\/posts\/77433\/revisions\/77434"}],"wp:featuredmedia":[{"embeddable":true,"href":"https:\/\/zonaroja.com.mx\/index.php?rest_route=\/wp\/v2\/media\/69880"}],"wp:attachment":[{"href":"https:\/\/zonaroja.com.mx\/index.php?rest_route=%2Fwp%2Fv2%2Fmedia&parent=77433"}],"wp:term":[{"taxonomy":"category","embeddable":true,"href":"https:\/\/zonaroja.com.mx\/index.php?rest_route=%2Fwp%2Fv2%2Fcategories&post=77433"},{"taxonomy":"post_tag","embeddable":true,"href":"https:\/\/zonaroja.com.mx\/index.php?rest_route=%2Fwp%2Fv2%2Ftags&post=77433"}],"curies":[{"name":"wp","href":"https:\/\/api.w.org\/{rel}","templated":true}]}}