{"id":77452,"date":"2025-02-12T20:34:06","date_gmt":"2025-02-13T02:34:06","guid":{"rendered":"https:\/\/zonaroja.com.mx\/?p=77452"},"modified":"2025-02-12T20:34:08","modified_gmt":"2025-02-13T02:34:08","slug":"asesinan-a-funcionario-municipal-de-panixtlahuaca-oaxaca","status":"publish","type":"post","link":"https:\/\/zonaroja.com.mx\/?p=77452","title":{"rendered":"Asesinan a funcionario municipal de Panixtlahuaca, Oaxaca"},"content":{"rendered":"\n<p>Raymundo Morales\/Zona Roja.<\/p>\n\n\n\n<p>Oaxaca de Ju\u00e1rez, Oax., a 12 de febrero de 2025.- El regidor de Hacienda del ayuntamiento de San Miguel Panixtlahuaca, Oaxaca, Constantino Soriano Mendoza, fue asesinado a balazos este mi\u00e9rcoles.<\/p>\n\n\n\n<p>Lo anterior lo confirm\u00f3 la autoridad municipal encabezada por el presidente Eleuterio Garc\u00eda Mendoza, que exigi\u00f3 al gobierno estatal y a la Fiscal\u00eda General del Estado indagar el caso y aplicar justicia.<\/p>\n\n\n\n<p>Seg\u00fan lo dieron a conocer, el crimen se perpetr\u00f3 a las 13:15 horas en la calle La Palma del centro de dicho municipio, perteneciente al distrito de Juquila, en la regi\u00f3n Costa.<\/p>\n\n\n\n<p>\u201cSolicitamos a la Fiscal\u00eda del Estado de Oaxaca y al Gobernador del Estado, Salom\u00f3n Jara Cruz, para que se investiguen los hechos y se llegue hasta las \u00faltimas consecuencias para esclarecer los hechos tan terrible asesinato de nuestro regidor\u201d, dio a conocer en un comunicado.<\/p>\n\n\n\n<p>Asimismo, la autoridad municipal solicito el apoyo del Estado para mantener la paz, la seguridad y la tranquilidad en San Miguel Panixtlahuaca.<\/p>\n\n\n\n<p>\u201cConstantino Soriano dej\u00f3 un legado imborrable en los corazones de quienes tuvieron el privilegio de conocerlo\u201d, destac\u00f3 el ayuntamiento en la esquela que divulg\u00f3 por el asesinato del concejal.<\/p>\n\n\n\n<p>Hasta el momento ni el Gobierno del Estado ni la Fiscal\u00eda General ha emitido alguna postura o informaci\u00f3n al respecto.<\/p>\n","protected":false},"excerpt":{"rendered":"<p>Raymundo Morales\/Zona Roja. Oaxaca de Ju\u00e1rez, Oax., a 12 de febrero de 2025.- El regidor&hellip;<\/p>\n","protected":false},"author":2,"featured_media":77453,"comment_status":"closed","ping_status":"open","sticky":false,"template":"","format":"standard","meta":{"_lmt_disableupdate":"","_lmt_disable":"","_jetpack_memberships_contains_paid_content":false,"footnotes":""},"categories":[109,51],"tags":[4219,3032],"class_list":["post-77452","post","type-post","status-publish","format-standard","has-post-thumbnail","hentry","category-minuto-a-minuto","category-zona-roja","tag-constantino-soriano-mendoza","tag-san-miguel-panixtlahuaca"],"jetpack_featured_media_url":"https:\/\/zonaroja.com.mx\/wp-content\/uploads\/2025\/02\/Constantino-Soriano-Panixtlahuaca.jpg","jetpack_sharing_enabled":true,"_links":{"self":[{"href":"https:\/\/zonaroja.com.mx\/index.php?rest_route=\/wp\/v2\/posts\/77452","targetHints":{"allow":["GET"]}}],"collection":[{"href":"https:\/\/zonaroja.com.mx\/index.php?rest_route=\/wp\/v2\/posts"}],"about":[{"href":"https:\/\/zonaroja.com.mx\/index.php?rest_route=\/wp\/v2\/types\/post"}],"author":[{"embeddable":true,"href":"https:\/\/zonaroja.com.mx\/index.php?rest_route=\/wp\/v2\/users\/2"}],"replies":[{"embeddable":true,"href":"https:\/\/zonaroja.com.mx\/index.php?rest_route=%2Fwp%2Fv2%2Fcomments&post=77452"}],"version-history":[{"count":1,"href":"https:\/\/zonaroja.com.mx\/index.php?rest_route=\/wp\/v2\/posts\/77452\/revisions"}],"predecessor-version":[{"id":77454,"href":"https:\/\/zonaroja.com.mx\/index.php?rest_route=\/wp\/v2\/posts\/77452\/revisions\/77454"}],"wp:featuredmedia":[{"embeddable":true,"href":"https:\/\/zonaroja.com.mx\/index.php?rest_route=\/wp\/v2\/media\/77453"}],"wp:attachment":[{"href":"https:\/\/zonaroja.com.mx\/index.php?rest_route=%2Fwp%2Fv2%2Fmedia&parent=77452"}],"wp:term":[{"taxonomy":"category","embeddable":true,"href":"https:\/\/zonaroja.com.mx\/index.php?rest_route=%2Fwp%2Fv2%2Fcategories&post=77452"},{"taxonomy":"post_tag","embeddable":true,"href":"https:\/\/zonaroja.com.mx\/index.php?rest_route=%2Fwp%2Fv2%2Ftags&post=77452"}],"curies":[{"name":"wp","href":"https:\/\/api.w.org\/{rel}","templated":true}]}}