{"id":77457,"date":"2025-02-13T07:15:00","date_gmt":"2025-02-13T13:15:00","guid":{"rendered":"https:\/\/zonaroja.com.mx\/?p=77457"},"modified":"2025-02-13T06:46:08","modified_gmt":"2025-02-13T12:46:08","slug":"incrementan-monto-de-beca-para-mi-primera-chamba-abren-convocatoria","status":"publish","type":"post","link":"https:\/\/zonaroja.com.mx\/?p=77457","title":{"rendered":"Incrementan monto de beca para \u201cMi primera chamba\u201d; abren convocatoria"},"content":{"rendered":"\n<p>Raymundo Morales\/Zona Roja.<\/p>\n\n\n\n<p>Oaxaca de Ju\u00e1rez, Oax., a 13 de febrero de 2025.- El gobierno de Oaxaca increment\u00f3 a ocho mil 400 pesos el apoyo mensual de la beca \u201cMi primera chamba\u201d, que ayer fue puesta en marcha en su segundo a\u00f1o consecutivo.<\/p>\n\n\n\n<p>Este esquema brinda oportunidades de empleo a j\u00f3venes egresados de instituciones de educaci\u00f3n superior p\u00fablicas y privadas de la entidad.&nbsp;<\/p>\n\n\n\n<p>El proyecto estatal es el \u00fanico en M\u00e9xico de su tipo y para este a\u00f1o tiene una inversi\u00f3n de 450 millones de pesos.<\/p>\n\n\n\n<p>Ayer por la tarde, en el parque \u201cPrimavera\u201d y ante cientos de universitarios, el gobernador Salom\u00f3n Jara Cruz puso en marcha el programa destac\u00f3 la importancia de abrir espacios a las juventudes, para que desarrollen su potencial productivo, en espacios de trabajo seguros y justos.<\/p>\n\n\n\n<p>\u201cTodas y todos debemos tener una oportunidad para trabajar, para emplearnos y tener una primera experiencia. Para eso creamos este programa, para tener experiencia, conocimiento y trabajar en alguna empresa privada o p\u00fablica\u201d, afirm\u00f3.<\/p>\n\n\n\n<p>Inform\u00f3 que, para este a\u00f1o, se increment\u00f3 en 50 millones de pesos el presupuesto de \u201cMi primera chamba\u201d, respecto al ejercido en 2024; en consecuencia, se cuenta con 450 millones.<\/p>\n\n\n\n<p>Y anunci\u00f3 que, para el siguiente a\u00f1o, este programa tendr\u00e1 disponibles 600 millones de pesos para apoyar a las oaxaque\u00f1as y oaxaque\u00f1os de 18 a 29 a\u00f1os de edad.&nbsp;<\/p>\n\n\n\n<p>Las y los interesados es inscribirse podr\u00e1n hacerlo en la p\u00e1gina: https:\/\/miprimerachamba.oaxaca.gob.mx, en donde llenar\u00e1n un formulario con sus datos personales: nombre completo, n\u00famero telef\u00f3nico, correo electr\u00f3nico; y despu\u00e9s la plataforma les guiar\u00e1 en los siguientes pasos.<\/p>\n\n\n\n<p>La bi\u00f3loga Zarela Yasm\u00edn Trinidad Cruz y el comunic\u00f3logo Jaciel Gabriel Z\u00e1rate Ram\u00edrez; beneficiarios de \u201cMi primera chamba\u201d, agradecieron la oportunidad que les otorgaron para iniciar su trayectoria laboral.<\/p>\n\n\n\n<p>\u201c\u2018Mi primera chamba\u2019 me ha llevado a tener un crecimiento muy positivo dentro de mi \u00e1mbito profesional. Gracias por voltear a ver a los j\u00f3venes, pero, sobre todo, gracias por vernos con respeto, admiraci\u00f3n y por creer en nuestras capacidades como profesionales\u201d, expres\u00f3 Trinidad Cruz.<\/p>\n\n\n\n<p>Estudiantes de las universidades: Tecnol\u00f3gica de los Valles Centrales (UTVCO); Regional del Sureste (URSE); Aut\u00f3noma Benito Ju\u00e1rez de Oaxaca (UABJO); de Criminolog\u00eda y Criminal\u00edstica (CLEU); Tecnol\u00f3gica de la Sierra Sur (UTSSO); Centro Universitario Nuevo Sol; Instituto Tecnol\u00f3gico del Valle (ITVO); Instituto Tecnol\u00f3gico de Oaxaca (ITO); y del Instituto Polit\u00e9cnico Nacional (IPN), asistieron a este evento.<\/p>\n\n\n\n<figure class=\"wp-block-embed is-type-rich is-provider-twitter wp-block-embed-twitter\"><div class=\"wp-block-embed__wrapper\">\n<div class=\"twitter-tweet\"><blockquote class=\"twitter-tweet\" data-lang=\"es\"><p lang=\"es\" dir=\"ltr\">Esta tarde, en presencia de cientos de universitarias y universitarios, arrancamos por segundo a\u00f1o consecutivo con el programa <a href=\"https:\/\/twitter.com\/hashtag\/MiPrimeraChamba?src=hash&amp;ref_src=twsrc%5Etfw\">#MiPrimeraChamba<\/a>, Experiencia que Transforma 2025, un programa \u00fanico en M\u00e9xico.<br><br>Nunca antes, las y los j\u00f3venes que terminaban su educaci\u00f3n superior, ya\u2026 <a href=\"https:\/\/t.co\/CRUo48N5IT\">pic.twitter.com\/CRUo48N5IT<\/a><\/p>&mdash; Salom\u00f3n Jara Cruz (@salomonj) <a href=\"https:\/\/twitter.com\/salomonj\/status\/1889858816189276188?ref_src=twsrc%5Etfw\">13 de febrero de 2025<\/a><\/blockquote><\/div>\n<\/div><\/figure>\n","protected":false},"excerpt":{"rendered":"<p>Raymundo Morales\/Zona Roja. Oaxaca de Ju\u00e1rez, Oax., a 13 de febrero de 2025.- El gobierno&hellip;<\/p>\n","protected":false},"author":2,"featured_media":77458,"comment_status":"closed","ping_status":"open","sticky":false,"template":"","format":"standard","meta":{"_lmt_disableupdate":"","_lmt_disable":"","_jetpack_memberships_contains_paid_content":false,"footnotes":""},"categories":[109,46],"tags":[939],"class_list":["post-77457","post","type-post","status-publish","format-standard","has-post-thumbnail","hentry","category-minuto-a-minuto","category-zona-blanca","tag-salomon-jara-cruz"],"jetpack_featured_media_url":"https:\/\/zonaroja.com.mx\/wp-content\/uploads\/2025\/02\/Salomon-Jara-mi-primra-chamba.jpeg","jetpack_sharing_enabled":true,"_links":{"self":[{"href":"https:\/\/zonaroja.com.mx\/index.php?rest_route=\/wp\/v2\/posts\/77457","targetHints":{"allow":["GET"]}}],"collection":[{"href":"https:\/\/zonaroja.com.mx\/index.php?rest_route=\/wp\/v2\/posts"}],"about":[{"href":"https:\/\/zonaroja.com.mx\/index.php?rest_route=\/wp\/v2\/types\/post"}],"author":[{"embeddable":true,"href":"https:\/\/zonaroja.com.mx\/index.php?rest_route=\/wp\/v2\/users\/2"}],"replies":[{"embeddable":true,"href":"https:\/\/zonaroja.com.mx\/index.php?rest_route=%2Fwp%2Fv2%2Fcomments&post=77457"}],"version-history":[{"count":1,"href":"https:\/\/zonaroja.com.mx\/index.php?rest_route=\/wp\/v2\/posts\/77457\/revisions"}],"predecessor-version":[{"id":77459,"href":"https:\/\/zonaroja.com.mx\/index.php?rest_route=\/wp\/v2\/posts\/77457\/revisions\/77459"}],"wp:featuredmedia":[{"embeddable":true,"href":"https:\/\/zonaroja.com.mx\/index.php?rest_route=\/wp\/v2\/media\/77458"}],"wp:attachment":[{"href":"https:\/\/zonaroja.com.mx\/index.php?rest_route=%2Fwp%2Fv2%2Fmedia&parent=77457"}],"wp:term":[{"taxonomy":"category","embeddable":true,"href":"https:\/\/zonaroja.com.mx\/index.php?rest_route=%2Fwp%2Fv2%2Fcategories&post=77457"},{"taxonomy":"post_tag","embeddable":true,"href":"https:\/\/zonaroja.com.mx\/index.php?rest_route=%2Fwp%2Fv2%2Ftags&post=77457"}],"curies":[{"name":"wp","href":"https:\/\/api.w.org\/{rel}","templated":true}]}}