{"id":77460,"date":"2025-02-13T08:15:00","date_gmt":"2025-02-13T14:15:00","guid":{"rendered":"https:\/\/zonaroja.com.mx\/?p=77460"},"modified":"2025-02-13T06:58:29","modified_gmt":"2025-02-13T12:58:29","slug":"istmo-violento-ejecutado-y-torturado-en-juchitan-ataque-armado-en-ixtaltepec","status":"publish","type":"post","link":"https:\/\/zonaroja.com.mx\/?p=77460","title":{"rendered":"Istmo violento: ejecutado y torturado en Juchit\u00e1n; ataque armado en Ixtaltepec"},"content":{"rendered":"\n<p>Ismael Garc\u00eda M.\/Zona Roja. Foto: Cortes\u00eda.<\/p>\n\n\n\n<p>Oaxaca de Ju\u00e1rez, Oax., a 13 de febrero de 2025.- Pese a cotidianas mesas de seguridad, la violencia no cesa en la regi\u00f3n del Istmo de Tehuantepec.<\/p>\n\n\n\n<p>Cerca de la media noche de ayer, en Juchit\u00e1n de Zaragoza fue localizado el cuerpo sin vida de una persona del sexo masculino, maniatada, torturada y con varios impactos de arma de fuego.<\/p>\n\n\n\n<p>El hallazgo ocurri\u00f3 en la calle Tierra y Libertad de la colonia 15 de Septiembre y la v\u00edctima fue identificada de manera preliminar como Jos\u00e9 Francisco A., de 22 a\u00f1os de edad.<\/p>\n\n\n\n<p>Antes de que arribaran los pol\u00edticas municipales, familiares levantaron el cuerpo y lo trasladaron a su domicilio en un mototaxi.<\/p>\n\n\n\n<p>EN ASUNCI\u00d3N IXTALTEPEC<\/p>\n\n\n\n<p>En tanto que la madrugada de ayer, en la carretera Trans\u00edstimica, tramo La Ventosa-Mat\u00edas Romero, a la altura de la agencia La Mata, del municipio de Asunci\u00f3n Ixtaltepec, se registr\u00f3 un ataque armado en contra de personal de Pemex.<\/p>\n\n\n\n<p>Un trabajador de Petr\u00f3leos Mexicanos result\u00f3 lesionado por lo cual fue trasladado a un hospital de la zona; hasta el momento reportan como grave su estado de salud.<\/p>\n\n\n\n<p>Una camioneta del \u00e1rea de Seguridad F\u00edsica de Pemex circulaba en la zona cuando fue atacada a balazos por sujetos armados; el conductor del veh\u00edculo logr\u00f3 avanzar y posteriormente pidi\u00f3 auxilio.<\/p>\n\n\n\n<p>EN JUCHIT\u00c1N<\/p>\n\n\n\n<p>Por otra parte, ayer mi\u00e9rcoles perdi\u00f3 la vida otra persona atacada a balazos el pasado 28 de enero en el municipio de Juchit\u00e1n de Zaragoza.<\/p>\n\n\n\n<p>Se trata de Maurilio J. G., agredido en la colonia San Isidro y en cuya fecha muri\u00f3 Maurilio J.<\/p>\n","protected":false},"excerpt":{"rendered":"<p>Ismael Garc\u00eda M.\/Zona Roja. Foto: Cortes\u00eda. Oaxaca de Ju\u00e1rez, Oax., a 13 de febrero de&hellip;<\/p>\n","protected":false},"author":2,"featured_media":77461,"comment_status":"closed","ping_status":"open","sticky":false,"template":"","format":"standard","meta":{"_lmt_disableupdate":"","_lmt_disable":"","_jetpack_memberships_contains_paid_content":false,"footnotes":""},"categories":[109,51],"tags":[297],"class_list":["post-77460","post","type-post","status-publish","format-standard","has-post-thumbnail","hentry","category-minuto-a-minuto","category-zona-roja","tag-ejecutado-juchitan"],"jetpack_featured_media_url":"https:\/\/zonaroja.com.mx\/wp-content\/uploads\/2025\/02\/Ejecutado-en-Juchitan.jpeg","jetpack_sharing_enabled":true,"_links":{"self":[{"href":"https:\/\/zonaroja.com.mx\/index.php?rest_route=\/wp\/v2\/posts\/77460","targetHints":{"allow":["GET"]}}],"collection":[{"href":"https:\/\/zonaroja.com.mx\/index.php?rest_route=\/wp\/v2\/posts"}],"about":[{"href":"https:\/\/zonaroja.com.mx\/index.php?rest_route=\/wp\/v2\/types\/post"}],"author":[{"embeddable":true,"href":"https:\/\/zonaroja.com.mx\/index.php?rest_route=\/wp\/v2\/users\/2"}],"replies":[{"embeddable":true,"href":"https:\/\/zonaroja.com.mx\/index.php?rest_route=%2Fwp%2Fv2%2Fcomments&post=77460"}],"version-history":[{"count":1,"href":"https:\/\/zonaroja.com.mx\/index.php?rest_route=\/wp\/v2\/posts\/77460\/revisions"}],"predecessor-version":[{"id":77462,"href":"https:\/\/zonaroja.com.mx\/index.php?rest_route=\/wp\/v2\/posts\/77460\/revisions\/77462"}],"wp:featuredmedia":[{"embeddable":true,"href":"https:\/\/zonaroja.com.mx\/index.php?rest_route=\/wp\/v2\/media\/77461"}],"wp:attachment":[{"href":"https:\/\/zonaroja.com.mx\/index.php?rest_route=%2Fwp%2Fv2%2Fmedia&parent=77460"}],"wp:term":[{"taxonomy":"category","embeddable":true,"href":"https:\/\/zonaroja.com.mx\/index.php?rest_route=%2Fwp%2Fv2%2Fcategories&post=77460"},{"taxonomy":"post_tag","embeddable":true,"href":"https:\/\/zonaroja.com.mx\/index.php?rest_route=%2Fwp%2Fv2%2Ftags&post=77460"}],"curies":[{"name":"wp","href":"https:\/\/api.w.org\/{rel}","templated":true}]}}