{"id":77463,"date":"2025-02-13T09:15:00","date_gmt":"2025-02-13T15:15:00","guid":{"rendered":"https:\/\/zonaroja.com.mx\/?p=77463"},"modified":"2025-02-13T07:11:04","modified_gmt":"2025-02-13T13:11:04","slug":"lucio-y-diana-planearon-deshacerse-de-su-bebe-en-edomex","status":"publish","type":"post","link":"https:\/\/zonaroja.com.mx\/?p=77463","title":{"rendered":"Lucio y Diana planearon deshacerse de su beb\u00e9, en Edomex"},"content":{"rendered":"\n<p>Redacci\u00f3n\/Zona Roja Cdmx.<\/p>\n\n\n\n<p>Ciudad de M\u00e9xico, a 13 de febrero de 2025.- El caso del beb\u00e9 abandonado en Tultitl\u00e1n ha conmocionado a toda la comunidad, pues poco a poco se revelan m\u00e1s detalles de lo ocurrido, el cual seg\u00fan una conversaci\u00f3n, fue planeado por Diana y Lucio.<\/p>\n\n\n\n<p>Luego de que la madre de Lucio, Dulha Utrera, dio a conocer c\u00f3mo fue que entreg\u00f3 a su hijo a las autoridades, comparti\u00f3 con N+ las capturas de la pl\u00e1tica que tuvieron los j\u00f3venes en WhatsApp. Acto que reproch\u00f3 la mam\u00e1 de Lucio.<\/p>\n\n\n\n<p>Dulha asegur\u00f3 que no va a ayudar a su hijo ya que se tiene que hacer responsable por cometer \u00abun acto monstruoso\u00bb, no obstante, tambi\u00e9n espera que Diana sea castigada, pues ambos son culpables, dijo.<\/p>\n\n\n\n<p>\u201cY ella le dice que no, que lo tire al canal, que se deshaga de \u00e9l. Los dos fr\u00edos los dos\u2026 sin remordimientos, sin nada\u201d.<\/p>\n\n\n\n<p>FATAL DECISI\u00d3N<\/p>\n\n\n\n<p>De acuerdo con la familia del joven de 18 a\u00f1os de edad, en los audios revelan que Diana se tom\u00f3 dos pastillas para abortar, a pesar de que el embarazo estaba por llegar a t\u00e9rmino. Se tom\u00f3 dos pastillas para abortar, le dieron c\u00f3licos y dolores.<\/p>\n\n\n\n<p>En la conversaci\u00f3n por WhatsApp, Diana, de 21 a\u00f1os, le indica a Lucio que \u201ceso ya sali\u00f3\u201d y que se encuentra muy manchada y no sabe \u201cdonde tirarlo\u201d.<\/p>\n\n\n\n<p>-Si necesito ropa urgente. Es que no, amor, por la taza no se va a poder.<\/p>\n\n\n\n<p>Lo anterior porque es grande, as\u00ed que no tiene idea de qu\u00e9 hacer.&nbsp;<\/p>\n\n\n\n<p>-Amor no, no, no. Se mueve Luc, se mueve. Hay demasiada sangre.<\/p>\n\n\n\n<p>Asimismo, explica que ech\u00f3 al beb\u00e9 a la bolsa y es necesario tirarlo.<\/p>\n\n\n\n<p>-Tenemos que tirar eso Luc, pero donde, donde carajo.<\/p>\n\n\n\n<p>Mientras Lucio responde con mensajes de voz, le indica que ya lleg\u00f3 a la panader\u00eda donde trabaja&nbsp;y ella confiesa que est\u00e1 muy nerviosa.<\/p>\n\n\n\n<p>Lucio intenta tranquilizarla y le pregunta si necesita algo. Diana pide toallas.&nbsp;<\/p>\n\n\n\n<p>-Abre la mochila, en la bolsa negra viene eso, ci\u00e9rrala bien<\/p>\n\n\n\n<p>Luego se\u00f1ala que se siente muy mal, nerviosa y asustada. \u201cTe necesito\u201d, escribi\u00f3.<\/p>\n\n\n\n<p>Lucio guard\u00f3 al reci\u00e9n nacido en su mochila y sali\u00f3 a la calle. Una vez que lleg\u00f3 a la vivienda ubicada en la calle Fuentes de \u00d3palo #50, al cruce con Fuentes de Diana, sac\u00f3 al peque\u00f1o de la maleta y lo coloc\u00f3 debajo de un autom\u00f3vil y se dio a la fuga.<\/p>\n\n\n\n<p>El caso del beb\u00e9 abandonado en Tultitl\u00e1n ya es investigado por la Fiscal\u00eda General de Justicia del Estado de M\u00e9xico (FGJEM), donde ambos j\u00f3venes rinden su declaraci\u00f3n. Aunque el ni\u00f1o fue prematuro, est\u00e1 fuera de peligro y se encuentra estable en el hospital.<\/p>\n\n\n\n<p>De acuerdo con la mam\u00e1 de Lucio, desde que se enter\u00f3 del caso de abandono y supo que su hijo estaba relacionado, habl\u00f3 con \u00e9l para conocer c\u00f3mo ocurrieron los hechos y decidieron llevarlo ante la Fiscal\u00eda General de Justicia del Estado de M\u00e9xico (FGJEM).<\/p>\n\n\n\n<p>Sin embargo, las autoridades no les hicieron caso, ya que estaban en un \u201casunto de relevancia\u201d, es decir, encontrar a los padres del beb\u00e9 y no los pod\u00edan atender.&nbsp;<\/p>\n\n\n\n<p>\u201cMi intenci\u00f3n nunca ha sido ni encubrirlo, ni taparlo, ni ayudarlo a que se vaya. No me dejaron ni darles informaci\u00f3n de Lucio\u201d.<\/p>\n\n\n\n<p>La madre de Lucio N, indic\u00f3 que no justifica las acciones de su hijo, de hecho siente mucha verg\u00fcenza y tristeza de ver que tir\u00f3 a su beb\u00e9 como si fuera basura.<\/p>\n\n\n\n<p>\u201cYo no lo voy a ayudar, porque el \u00fanico que necesita ayuda es el beb\u00e9. Lucio debe vivir esto, que aprenda\u201d.<\/p>\n\n\n\n<p>(Informaci\u00f3n de N+ Noticias)<\/p>\n","protected":false},"excerpt":{"rendered":"<p>Redacci\u00f3n\/Zona Roja Cdmx. Ciudad de M\u00e9xico, a 13 de febrero de 2025.- El caso del&hellip;<\/p>\n","protected":false},"author":2,"featured_media":77464,"comment_status":"closed","ping_status":"open","sticky":false,"template":"","format":"standard","meta":{"_lmt_disableupdate":"","_lmt_disable":"","_jetpack_memberships_contains_paid_content":false,"footnotes":""},"categories":[109,47],"tags":[],"class_list":["post-77463","post","type-post","status-publish","format-standard","has-post-thumbnail","hentry","category-minuto-a-minuto","category-zona-gris"],"jetpack_featured_media_url":"https:\/\/zonaroja.com.mx\/wp-content\/uploads\/2025\/02\/Lucio-abandona-bebe-Edomex.png.jpeg","jetpack_sharing_enabled":true,"_links":{"self":[{"href":"https:\/\/zonaroja.com.mx\/index.php?rest_route=\/wp\/v2\/posts\/77463","targetHints":{"allow":["GET"]}}],"collection":[{"href":"https:\/\/zonaroja.com.mx\/index.php?rest_route=\/wp\/v2\/posts"}],"about":[{"href":"https:\/\/zonaroja.com.mx\/index.php?rest_route=\/wp\/v2\/types\/post"}],"author":[{"embeddable":true,"href":"https:\/\/zonaroja.com.mx\/index.php?rest_route=\/wp\/v2\/users\/2"}],"replies":[{"embeddable":true,"href":"https:\/\/zonaroja.com.mx\/index.php?rest_route=%2Fwp%2Fv2%2Fcomments&post=77463"}],"version-history":[{"count":1,"href":"https:\/\/zonaroja.com.mx\/index.php?rest_route=\/wp\/v2\/posts\/77463\/revisions"}],"predecessor-version":[{"id":77465,"href":"https:\/\/zonaroja.com.mx\/index.php?rest_route=\/wp\/v2\/posts\/77463\/revisions\/77465"}],"wp:featuredmedia":[{"embeddable":true,"href":"https:\/\/zonaroja.com.mx\/index.php?rest_route=\/wp\/v2\/media\/77464"}],"wp:attachment":[{"href":"https:\/\/zonaroja.com.mx\/index.php?rest_route=%2Fwp%2Fv2%2Fmedia&parent=77463"}],"wp:term":[{"taxonomy":"category","embeddable":true,"href":"https:\/\/zonaroja.com.mx\/index.php?rest_route=%2Fwp%2Fv2%2Fcategories&post=77463"},{"taxonomy":"post_tag","embeddable":true,"href":"https:\/\/zonaroja.com.mx\/index.php?rest_route=%2Fwp%2Fv2%2Ftags&post=77463"}],"curies":[{"name":"wp","href":"https:\/\/api.w.org\/{rel}","templated":true}]}}