{"id":77466,"date":"2025-02-13T13:13:00","date_gmt":"2025-02-13T19:13:00","guid":{"rendered":"https:\/\/zonaroja.com.mx\/?p=77466"},"modified":"2025-02-13T07:13:53","modified_gmt":"2025-02-13T13:13:53","slug":"opinion-oaxaca-los-retos-de-la-gestion-de-la-interculturalidad","status":"publish","type":"post","link":"https:\/\/zonaroja.com.mx\/?p=77466","title":{"rendered":"Opini\u00f3n. Oaxaca: los retos de la gesti\u00f3n de la interculturalidad"},"content":{"rendered":"\n<p>Adri\u00e1n Ortiz Romero Cuevas*<\/p>\n\n\n\n<p>Uno de los retos m\u00e1s importantes que enfrentar\u00e1n los gobiernos actuales y futuros en nuestra entidad, es conseguir una gesti\u00f3n efectiva de la interculturalidad y de la pluriculturalidad \u00e9tnica, que logre pasar del discurso a los hechos. Ambos, son t\u00e9rminos que se aplican generalmente en un contexto aspiracional, pol\u00edticamente correcto \u2014y hasta romantizado\u2014 del discurso institucional, pero que para su potencial materializaci\u00f3n necesitan mucho m\u00e1s que ret\u00f3rica y buenas intenciones en cuanto a las relaciones entre los poderes p\u00fablicos y el llamado \u201ccuarto nivel de gobierno ind\u00edgena\u201d en Oaxaca, y en M\u00e9xico.<\/p>\n\n\n\n<p>En efecto, de inicio vale la pena entender a qu\u00e9 se refiere cada uno de esos conceptos. En t\u00e9rminos muy simples, la interculturalidad hace referencia a la interacci\u00f3n entre diferentes culturas, donde ninguna se considera superior a otra. Implica un di\u00e1logo respetuoso y un intercambio mutuo de conocimientos, valores y tradiciones. Ahora bien, el concepto de pluriculturalidad hace referencia al proceso de construcci\u00f3n de relaciones equitativas entre culturas, basado en el reconocimiento de la diversidad y la promoci\u00f3n de la igualdad de oportunidades. Implica una transformaci\u00f3n de las estructuras sociales y las relaciones de poder que hist\u00f3ricamente han marginado a las culturas ind\u00edgenas.<\/p>\n\n\n\n<p>Los retos, en esa materia, no son menores: de inicio, es necesario plasmar correcta y suficientemente dichos conceptos en el texto constitucional local, para que desde ah\u00ed pueda haber un despliegue institucional correcto de todo lo que se podr\u00eda necesitar tanto para adecuar integralmente la legislaci\u00f3n estatal a esa visi\u00f3n, como para implementar pol\u00edticas y acciones efectivas tendientes a generar esta sinergia que hoy parece existir, aunque en los hechos produce fricciones constantes en la relaci\u00f3n de los tres \u00e1mbitos de gobierno \u2014federal, estatal, municipal\u2014 con el \u00e1mbito de gobierno ind\u00edgena que est\u00e1 en francas v\u00edas de reconocimiento como una forma alternativa de organizaci\u00f3n pol\u00edtica, social, econ\u00f3mica y dem\u00e1s, a las planteadas por la Constituci\u00f3n de la Rep\u00fablica (en los art\u00edculos 2 y 115) para los municipios en el pa\u00eds.<\/p>\n\n\n\n<p>Ese es un primer reto, que luego se topa con las distintas visiones del desarrollo existentes en un marco de pluriculturalidad. \u00bfC\u00f3mo armonizar la visi\u00f3n del desarrollo de las culturas occidentalizadas con respecto a lo que aspiran o esperan los pueblos ind\u00edgenas respecto a sus tierras, aguas, comunidades o personas integrantes? Ese ha sido uno de los retos m\u00e1s profundos que presenta Oaxaca: hacer coincidir, por ejemplo, los beneficios de un megaproyecto industrial \u2014ll\u00e1mese un canal interoce\u00e1nico, infraestructura e\u00f3lica, represa de aguas o la explotaci\u00f3n de recursos naturales como en bosques, subsuelo o minas, entre otros\u2014 con lo que una comunidad originaria desea como destino para su entorno.<\/p>\n\n\n\n<p>Nadie \u2014se supone\u2014 deber\u00eda pasar por encima de nadie en el establecimiento o la convivencia entre las visiones del desarrollo. Justo a eso se refiere el concepto de la interculturalidad: todos y todas valen lo mismo, y todas las visiones del desarrollo y los conceptos del mundo tienen la misma val\u00eda. Ah\u00ed, pues, tendr\u00e1n que radicar las concepciones del ejercicio de la pol\u00edtica, las relaciones de poder y las exigencias entre \u00e1mbitos de gobierno.<\/p>\n\n\n\n<p>Qui\u00e9n sabe si, m\u00e1s all\u00e1 del discurso, en las instancias encargadas de la gesti\u00f3n de la gobernabilidad en los \u00e1mbitos estatal y federal, est\u00e1n claros de ello, y de los enormes retos que ello implica para Oaxaca en los siguientes lustros.<\/p>\n\n\n\n<p>Lo importante, insistimos, radica en poder pasar sustantivamente del discurso a los hechos. Veremos.<\/p>\n\n\n\n<p>*Abogado y periodista.<\/p>\n\n\n\n<p>@ortizromeroc<\/p>\n\n\n\n<p>@columnaalmargen<\/p>\n\n\n\n<p>Nos leemos en http:\/\/columnaalmargen.mx<\/p>\n","protected":false},"excerpt":{"rendered":"<p>Adri\u00e1n Ortiz Romero Cuevas* Uno de los retos m\u00e1s importantes que enfrentar\u00e1n los gobiernos actuales&hellip;<\/p>\n","protected":false},"author":2,"featured_media":67896,"comment_status":"closed","ping_status":"open","sticky":false,"template":"","format":"standard","meta":{"_lmt_disableupdate":"","_lmt_disable":"","_jetpack_memberships_contains_paid_content":false,"footnotes":""},"categories":[456,109],"tags":[2994],"class_list":["post-77466","post","type-post","status-publish","format-standard","has-post-thumbnail","hentry","category-columna","category-minuto-a-minuto","tag-adrian-ortiz-romero-cuevas"],"jetpack_featured_media_url":"https:\/\/zonaroja.com.mx\/wp-content\/uploads\/2024\/05\/Opinion-Adrian-Ortiz-Romero-Zona-Roja.jpeg","jetpack_sharing_enabled":true,"_links":{"self":[{"href":"https:\/\/zonaroja.com.mx\/index.php?rest_route=\/wp\/v2\/posts\/77466","targetHints":{"allow":["GET"]}}],"collection":[{"href":"https:\/\/zonaroja.com.mx\/index.php?rest_route=\/wp\/v2\/posts"}],"about":[{"href":"https:\/\/zonaroja.com.mx\/index.php?rest_route=\/wp\/v2\/types\/post"}],"author":[{"embeddable":true,"href":"https:\/\/zonaroja.com.mx\/index.php?rest_route=\/wp\/v2\/users\/2"}],"replies":[{"embeddable":true,"href":"https:\/\/zonaroja.com.mx\/index.php?rest_route=%2Fwp%2Fv2%2Fcomments&post=77466"}],"version-history":[{"count":1,"href":"https:\/\/zonaroja.com.mx\/index.php?rest_route=\/wp\/v2\/posts\/77466\/revisions"}],"predecessor-version":[{"id":77467,"href":"https:\/\/zonaroja.com.mx\/index.php?rest_route=\/wp\/v2\/posts\/77466\/revisions\/77467"}],"wp:featuredmedia":[{"embeddable":true,"href":"https:\/\/zonaroja.com.mx\/index.php?rest_route=\/wp\/v2\/media\/67896"}],"wp:attachment":[{"href":"https:\/\/zonaroja.com.mx\/index.php?rest_route=%2Fwp%2Fv2%2Fmedia&parent=77466"}],"wp:term":[{"taxonomy":"category","embeddable":true,"href":"https:\/\/zonaroja.com.mx\/index.php?rest_route=%2Fwp%2Fv2%2Fcategories&post=77466"},{"taxonomy":"post_tag","embeddable":true,"href":"https:\/\/zonaroja.com.mx\/index.php?rest_route=%2Fwp%2Fv2%2Ftags&post=77466"}],"curies":[{"name":"wp","href":"https:\/\/api.w.org\/{rel}","templated":true}]}}