{"id":77468,"date":"2025-02-13T10:18:00","date_gmt":"2025-02-13T16:18:00","guid":{"rendered":"https:\/\/zonaroja.com.mx\/?p=77468"},"modified":"2025-02-13T07:21:29","modified_gmt":"2025-02-13T13:21:29","slug":"murat-ya-es-morenista-lopez-obrador-lo-habia-calificado-como-corrupto","status":"publish","type":"post","link":"https:\/\/zonaroja.com.mx\/?p=77468","title":{"rendered":"Murat ya es morenista; L\u00f3pez Obrador lo hab\u00eda calificado como corrupto"},"content":{"rendered":"\n<p>Redacci\u00f3n\/Zona Roja Cdmx.<\/p>\n\n\n\n<p>Ciudad de M\u00e9xico, a 13 de febrero de 2025.- El exgobernador de Oaxaca y ahora senador Alejandro Murat, el mismo que el expresidente L\u00f3pez Obrador calific\u00f3 como parte de la \u201cmapachada inmunda\u201d del PRI y miembro de una \u201cmonarqu\u00eda hereditaria y corrupta\u201d, se afili\u00f3 oficialmente a Morena y celebr\u00f3 con una foto con Andr\u00e9s Manuel L\u00f3pez Beltr\u00e1n, encargado de afiliaciones. &nbsp;<\/p>\n\n\n\n<p>En su cuenta de X, Murat, que se vio envuelto en esc\u00e1ndalos de corrupci\u00f3n durante su gobierno estatal, public\u00f3 la foto tomada en las instalaciones del Senado, a donde \u201cAndy\u201d ha acudido en los \u00faltimos d\u00edas para afiliar y reafiliar al partido a los miembros &nbsp;de la bancada morenista.&nbsp;<\/p>\n\n\n\n<p>\u201c\u00a1Seguimos construyendo el segundo piso de la #4T! Con mi amigo @amlopezbeltran y #Morena, vamos con todo en esta nueva etapa de afiliaci\u00f3n\u201d, escribi\u00f3. En la imagen&nbsp;aparece, en una pared, la fotograf\u00eda oficial de Claudia Sheinbaum como presidenta y \u00e9l y el hijo de AMLO se muestran sonrientes y relajados.&nbsp;<\/p>\n\n\n\n<p>CAMPA\u00d1A DE AFILIACI\u00d3N<\/p>\n\n\n\n<p>Se recordar\u00e1 que el hijo mayor del expresidente es Secretario de Organizaci\u00f3n del partido en el poder y ha lanzado una campa\u00f1a de afiliaci\u00f3n para incrementar la base de militantes y captar 10 millones de nuevos miembros.&nbsp;<\/p>\n\n\n\n<p>As\u00ed, diversos militantes de alto perfil se han lucido en sus redes junto con el nuevo l\u00edder partidista, destacando su afiliaci\u00f3n o reafiliaci\u00f3n. En el caso de Murat se trata de su primera afiliaci\u00f3n, pues apenas en noviembre de 2023, tras dejar la gubernatura de Oaxaca, renunci\u00f3 formalmente a su militancia en el PRI, tras meses de coquetear con la posibilidad de ser candidato a la presidencia por el PRI.&nbsp;<\/p>\n\n\n\n<p>Fue hace un a\u00f1o, en febrero de 2024, que Murat se sum\u00f3 a las filas de Morena como candidato plurinominal al Senado, pero no estaba formalmente afiliado al partido.&nbsp;<\/p>\n\n\n\n<p>OLVIDOS DE AMLOS<\/p>\n\n\n\n<p>Cuando Murat se convirti\u00f3 en Senador por Morena, AMLO no se quej\u00f3 ni emiti\u00f3 una sola cr\u00edtica, como s\u00ed lo hizo cuando el oaxaque\u00f1o se perfilaba como aspirante al gobierno estatal. De hecho, despu\u00e9s de que Murat se convirti\u00f3 en gobernador la cercan\u00eda con la 4T fue&nbsp;evidente y los halagos mutuos, frecuentes.&nbsp;<\/p>\n\n\n\n<p>Pero no ocurr\u00eda as\u00ed cuando AMLO a\u00fan era oposici\u00f3n. El 27 de septiembre de 2015 el entonces l\u00edder de Morena tuite\u00f3 que \u201cser\u00eda ofensivo para los oaxaque\u00f1os, uno de los pueblos con m\u00e1s cultura en el mundo, el regreso de la barbarie del PRI con Ulises o Murat\u201d.&nbsp;<\/p>\n\n\n\n<p>El 29 de enero de 2016, AMLO escribi\u00f3 en su cuenta de X: \u201cDesignar al hijo de Murat como candidato del PRI en Oaxaca, demuestra que en vez de rep\u00fablica existe una monarqu\u00eda hereditaria y corrupta\u201d.&nbsp;<\/p>\n\n\n\n<p>El 27 de mayo de ese a\u00f1o, calific\u00f3 a Murat como parte de la \u201cmapachada inmunda\u201d que operaba dentro del PRI. Un d\u00eda antes acus\u00f3 a Reforma de \u201ccucharear\u201d la encuesta sobre la gubernatura en Oaxaca para poner como ganador a Murat: \u201cLa encuesta de Reforma sobre Oaxaca est\u00e1 \u201ccuchareada\u201d. Salom\u00f3n Jara de MORENA ya rebas\u00f3 a Murat y el candidato de Gabino y Di\u00f3doro se rezag\u00f3\u201d.&nbsp;<\/p>\n\n\n\n<p>La misma t\u00f3nica siguieron los propagandistas hoy conocidos como los \u201cfarsantes de la 4T\u201d: los mismos personajes a los que durante el actual r\u00e9gimen apoyan, alaban o al menos cubren con su silencio, anta\u00f1o fueron objeto de cr\u00edticas y hasta denostaciones.&nbsp;<\/p>\n\n\n\n<p>VARIOS EJEMPLOS<\/p>\n\n\n\n<p>El 18 de enero, Vicente Serrano deplor\u00f3 que AMLO tuviera acercamientos con Alejandro Murat. En su cuenta de X escribi\u00f3: \u201cMnta madre\u2026 L\u00f3pez Obrador se reuni\u00f3 con el gobernador priista de Oaxaca Alejandro Murat\u201d.&nbsp;<\/p>\n\n\n\n<p>El 7 de octubre de 2019 public\u00f3: \u201cEl gobernador de Oaxaca Alejandro Murat aprovech\u00f3 la visita de L\u00f3pez Obrador a su estado para emitir un par de videos en redes sociales\u2026 Vamos, se colg\u00f3 de la aprobaci\u00f3n y fama del presidente\u201d. &nbsp;<\/p>\n\n\n\n<p>Ese mismo mes, el 21 de octubre, Serrano record\u00f3 la corrupta gesti\u00f3n de Murat en el Infonavit: \u201cEl Infonavit investiga la inexplicable autoentrega de bonos millonarios de Alejandro Murat y David Penchyna en su \u00faltimo a\u00f1o como directores del instituto\u201d.&nbsp;<\/p>\n\n\n\n<p>De parte de \u00c1lvaro Delgado tambi\u00e9n abundaron las cr\u00edticas: el 21 de septiembre de 2016 el periodista llam\u00f3 \u201cbebesaurio\u201d a Alejandro Murat (hijo del priista Jos\u00e9 Murat). As\u00ed lo escribi\u00f3 en X: \u201cYa es gobernador el hijo de Jos\u00e9 Murat y ahora va el hijo de Roberto Madrazo en Tabasco, otro bebesaurio\u201d. &nbsp;<\/p>\n\n\n\n<p>Antes de la llegada de AMLO al poder (y cuando Delgado trabajaba en Proceso), el periodista comparti\u00f3 trabajos de The New York Times y Reforma que documentaban la corrupci\u00f3n de la familia Murat, como una nota del 25 de mayo de 2016 que dice que \u201cen su declaraci\u00f3n patrimonial, Alejandro Murat reporta la compra de una propiedad a los 11 a\u00f1os de edad. Un d\u00eda antes comparti\u00f3 una nota de Proceso donde se informa que \u201cen audio difundido en redes, Jos\u00e9 Murat insulta y amenaza a L\u00f3pez D\u00f3riga\u201d.&nbsp;<\/p>\n\n\n\n<p>Por varios a\u00f1os, Delgado puso mucha atenci\u00f3n a la dinast\u00eda Murat. El 2 de mayo de 2014, critic\u00f3 una reuni\u00f3n entre Jos\u00e9 Murat, padre del actual senador y Jes\u00fas Ortega, exl\u00edder perredista. A ese encuentro lo llam\u00f3 \u201cel cesto para el garrero\u201d.&nbsp;<\/p>\n\n\n\n<p>Por su parte, el actual director del Sistema P\u00fablico de Radiodifusi\u00f3n, Jenaro Villamil, tambi\u00e9n fue un duro cr\u00edtico de Alejandro Murat antes de que AMLO llegara el poder. El 14 de diciembre de 2014 tuite\u00f3: \u201cA veces, la realidad supera a la broma. A\u00fan no es informaci\u00f3n confirmada que Murat, director de Infonavit tenga #CasaHiga. El InfonaVIP\u201d y el 7 de febrero de 2015 public\u00f3: \u201cPara no olvidar: Alejandro Murat, hijo de Jos\u00e9 Murat, \u201ccompr\u00f3\u201d casita en 20mdp no a INFONAVIT sino a #GrupoHiga\u201d.&nbsp;<\/p>\n\n\n\n<p>El 18 de julio de 2018, Villamil conden\u00f3 la actitud de Murat frente a una masacre en la comunidad Santa Mar\u00eda Ecatepec: \u201cIncre\u00edble: \u201checho aislado\u201d para Murat la masacre de 13 personas en Oaxaca\u201d, escribi\u00f3. &nbsp;<\/p>\n\n\n\n<p>Se recordar\u00e1 que Alejandro Murat ha sido vinculado con varios casos de corrupci\u00f3n. Durante su gesti\u00f3n en el Infonavit (de 2012 a 2015) se registaron irregularidades millonarias. El 1 de julio de 2016 la revista Proceso inform\u00f3 que Murat perdi\u00f3 en 2015 mil 886 millones de los ahorros de los trabajadores, seg\u00fan una auditor\u00eda independiente, tras una especulaci\u00f3n&nbsp;fallida con&nbsp;recursos provenientes del Fondo de Apoyo a las Necesidades de Vivienda de los Trabajadores (Fanvit).&nbsp;<\/p>\n\n\n\n<p>Tambi\u00e9n se le involucra en una serie de contratos irregulares que como gobernador concedi\u00f3 a la empresa propiedad del diputado morenista Pedro Haces, Servicios Integrales de Seguridad, Limpieza y Mantenimiento por al menos 346.8 millones de pesos por adjudicaci\u00f3n directa.&nbsp;<\/p>\n\n\n\n<p>En febrero de 2023 diversos medios de comunicaci\u00f3n informaron que seg\u00fan la Auditor\u00eda Superior de la Federaci\u00f3n, Murat dejar\u00eda el gobierno de Oaxaca con irregularidades por m\u00e1s de 6 mil millones de pesos en el sector salud. En ese entonces, diputados de Morena y medios afines a la 4T, como Sin Embargo y Contrar\u00e9plica dieron vuelo a la nota y criticaron las aspiraciones presidenciales de Murat, en ese entonces, como priista. Pocos d\u00edas despu\u00e9s Murat se convirti\u00f3 en candidato a senador por Morena.&nbsp;<\/p>\n\n\n\n<p>Entonces, como por ensalmo, las cr\u00edticas de los farsantes de la 4T se apagaron. Hoy, el exgobernador goza de impunidad por sus malos manejos en el Infonavit y presume su amistad con el hijo de AMLO, el obvio heredero pol\u00edtico del movimiento.&nbsp;<\/p>\n\n\n\n<p>(Informaci\u00f3n de \u201cEtc\u00e9tera\u201d)<\/p>\n","protected":false},"excerpt":{"rendered":"<p>Redacci\u00f3n\/Zona Roja Cdmx. Ciudad de M\u00e9xico, a 13 de febrero de 2025.- El exgobernador de&hellip;<\/p>\n","protected":false},"author":2,"featured_media":77469,"comment_status":"closed","ping_status":"open","sticky":false,"template":"","format":"standard","meta":{"_lmt_disableupdate":"","_lmt_disable":"","_jetpack_memberships_contains_paid_content":false,"footnotes":""},"categories":[109,47],"tags":[102],"class_list":["post-77468","post","type-post","status-publish","format-standard","has-post-thumbnail","hentry","category-minuto-a-minuto","category-zona-gris","tag-alejandro-murat"],"jetpack_featured_media_url":"https:\/\/zonaroja.com.mx\/wp-content\/uploads\/2025\/02\/Alejandro-Murat-y-Andy-Lopez-beltran.jpeg","jetpack_sharing_enabled":true,"_links":{"self":[{"href":"https:\/\/zonaroja.com.mx\/index.php?rest_route=\/wp\/v2\/posts\/77468","targetHints":{"allow":["GET"]}}],"collection":[{"href":"https:\/\/zonaroja.com.mx\/index.php?rest_route=\/wp\/v2\/posts"}],"about":[{"href":"https:\/\/zonaroja.com.mx\/index.php?rest_route=\/wp\/v2\/types\/post"}],"author":[{"embeddable":true,"href":"https:\/\/zonaroja.com.mx\/index.php?rest_route=\/wp\/v2\/users\/2"}],"replies":[{"embeddable":true,"href":"https:\/\/zonaroja.com.mx\/index.php?rest_route=%2Fwp%2Fv2%2Fcomments&post=77468"}],"version-history":[{"count":1,"href":"https:\/\/zonaroja.com.mx\/index.php?rest_route=\/wp\/v2\/posts\/77468\/revisions"}],"predecessor-version":[{"id":77470,"href":"https:\/\/zonaroja.com.mx\/index.php?rest_route=\/wp\/v2\/posts\/77468\/revisions\/77470"}],"wp:featuredmedia":[{"embeddable":true,"href":"https:\/\/zonaroja.com.mx\/index.php?rest_route=\/wp\/v2\/media\/77469"}],"wp:attachment":[{"href":"https:\/\/zonaroja.com.mx\/index.php?rest_route=%2Fwp%2Fv2%2Fmedia&parent=77468"}],"wp:term":[{"taxonomy":"category","embeddable":true,"href":"https:\/\/zonaroja.com.mx\/index.php?rest_route=%2Fwp%2Fv2%2Fcategories&post=77468"},{"taxonomy":"post_tag","embeddable":true,"href":"https:\/\/zonaroja.com.mx\/index.php?rest_route=%2Fwp%2Fv2%2Ftags&post=77468"}],"curies":[{"name":"wp","href":"https:\/\/api.w.org\/{rel}","templated":true}]}}