{"id":7747,"date":"2020-01-16T20:45:51","date_gmt":"2020-01-17T02:45:51","guid":{"rendered":"http:\/\/www.zonaroja.com.mx\/?p=7747"},"modified":"2020-01-16T20:51:37","modified_gmt":"2020-01-17T02:51:37","slug":"el-69-5-de-los-oaxaquenos-se-sienten-inseguros-en-su-ciudad-inegi","status":"publish","type":"post","link":"https:\/\/zonaroja.com.mx\/?p=7747","title":{"rendered":"El 69.5% de los oaxaque\u00f1os se sienten inseguros en su ciudad: INEGI"},"content":{"rendered":"\n<p>Yuridiana\nSosa\/Zona Roja.<\/p>\n\n\n\n<p>Oaxaca de Ju\u00e1rez,\nOax., 16 de enero de 2020.- La Encuesta Nacional de Seguridad P\u00fablica Urbana\n(ENSU) del INEGI, revel\u00f3 hoy que el 69.5 por ciento de los oaxaque\u00f1os que viven\nen la capital de estado se sienten inseguros de vivir en su ciudad, porcentaje\nque se ubica apenas por debajo de la media nacional, del 72.9 por ciento.<\/p>\n\n\n\n<p>La encuesta\ncon resultados del cuarto trimestre del 2019 muestra que la percepci\u00f3n de\ninseguridad disminuy\u00f3 en diciembre en comparaci\u00f3n a las cifras arrojadas en la\nencuesta anterior con cierre den septiembre, cuando el 74.4 por ciento de la\npoblaci\u00f3n encuestada se sinti\u00f3 menos segura.<\/p>\n\n\n\n<p>De acuerdo\ncon el Instituto Nacional de Geograf\u00eda y Estad\u00edstica (INEGI), la percepci\u00f3n de\ninseguridad durante el a\u00f1o anterior (diciembre de 2018) fue mayor que la\npercibida en 2019, al resaltar una cifra del 76.2 por ciento.<\/p>\n\n\n\n<p>El 32.1por\nciento de la poblaci\u00f3n nacional encuestada dijo que, de manera directa, durante\nel cuarto trimestre de 2019, estuvo involucrado en alg\u00fan conflicto o\nenfrentamiento con familiares, vecinos, compa\u00f1eros de trabajo o escuela,\nestablecimientos o con autoridades de gobierno.<\/p>\n\n\n\n<p>En\ncomparaci\u00f3n, los oaxaque\u00f1os indicaron que un 24.9 por ciento de ellos lo estuvo\nen ese mismo lapso, mientras que un trimestre anterior la cifra fue mayor, debido\na que el 38.8 por ciento de los habitantes en Oaxaca de Ju\u00e1rez estuvo\nrelacionado con ese tipo de hechos.<\/p>\n\n\n\n<p>Para los\nhabitantes de la capital del estado, la efectividad del gobierno en su\nmunicipio para resolver las principales problem\u00e1ticas obtuvo una aprobaci\u00f3n del\n17 por ciento de los encuestados.<\/p>\n\n\n\n<p>Con relaci\u00f3n\na vivir en alg\u00fan acto de corrupci\u00f3n por alguna autoridad de seguridad p\u00fablica,\nel 31 por ciento respondi\u00f3 que s\u00ed; as\u00ed tambi\u00e9n, el 33.4 por ciento respondi\u00f3\nque en sus hogares han sido v\u00edctimas de un robo, o al menos uno de sus\nintegrantes fue v\u00edctima de robo o extorci\u00f3n.<\/p>\n\n\n\n<p>En ese\nrubro, el INEGI consider\u00f3 los delitos de robo o asalto en la calle o en el\ntransporte p\u00fablico, robo total de veh\u00edculo, robo de accesorios, refacciones o\nherramientas de veh\u00edculos, robo a casa habitaci\u00f3n y robo en forma distinta a\nlas anteriores.<\/p>\n","protected":false},"excerpt":{"rendered":"<p>Yuridiana Sosa\/Zona Roja. Oaxaca de Ju\u00e1rez, Oax., 16 de enero de 2020.- La Encuesta Nacional&hellip;<\/p>\n","protected":false},"author":2,"featured_media":6613,"comment_status":"closed","ping_status":"open","sticky":false,"template":"","format":"standard","meta":{"_lmt_disableupdate":"","_lmt_disable":"","_jetpack_memberships_contains_paid_content":false,"footnotes":""},"categories":[109,47],"tags":[1287],"class_list":["post-7747","post","type-post","status-publish","format-standard","has-post-thumbnail","hentry","category-minuto-a-minuto","category-zona-gris","tag-encuesta-nacional-de-seguridad-publica-urbana-inegi"],"jetpack_featured_media_url":"https:\/\/zonaroja.com.mx\/wp-content\/uploads\/2019\/12\/robo.jpg","jetpack_sharing_enabled":true,"_links":{"self":[{"href":"https:\/\/zonaroja.com.mx\/index.php?rest_route=\/wp\/v2\/posts\/7747","targetHints":{"allow":["GET"]}}],"collection":[{"href":"https:\/\/zonaroja.com.mx\/index.php?rest_route=\/wp\/v2\/posts"}],"about":[{"href":"https:\/\/zonaroja.com.mx\/index.php?rest_route=\/wp\/v2\/types\/post"}],"author":[{"embeddable":true,"href":"https:\/\/zonaroja.com.mx\/index.php?rest_route=\/wp\/v2\/users\/2"}],"replies":[{"embeddable":true,"href":"https:\/\/zonaroja.com.mx\/index.php?rest_route=%2Fwp%2Fv2%2Fcomments&post=7747"}],"version-history":[{"count":1,"href":"https:\/\/zonaroja.com.mx\/index.php?rest_route=\/wp\/v2\/posts\/7747\/revisions"}],"predecessor-version":[{"id":7748,"href":"https:\/\/zonaroja.com.mx\/index.php?rest_route=\/wp\/v2\/posts\/7747\/revisions\/7748"}],"wp:featuredmedia":[{"embeddable":true,"href":"https:\/\/zonaroja.com.mx\/index.php?rest_route=\/wp\/v2\/media\/6613"}],"wp:attachment":[{"href":"https:\/\/zonaroja.com.mx\/index.php?rest_route=%2Fwp%2Fv2%2Fmedia&parent=7747"}],"wp:term":[{"taxonomy":"category","embeddable":true,"href":"https:\/\/zonaroja.com.mx\/index.php?rest_route=%2Fwp%2Fv2%2Fcategories&post=7747"},{"taxonomy":"post_tag","embeddable":true,"href":"https:\/\/zonaroja.com.mx\/index.php?rest_route=%2Fwp%2Fv2%2Ftags&post=7747"}],"curies":[{"name":"wp","href":"https:\/\/api.w.org\/{rel}","templated":true}]}}