{"id":77474,"date":"2025-02-13T10:29:00","date_gmt":"2025-02-13T16:29:00","guid":{"rendered":"https:\/\/zonaroja.com.mx\/?p=77474"},"modified":"2025-02-13T08:05:06","modified_gmt":"2025-02-13T14:05:06","slug":"liquidaran-a-ex-burocratas-de-oaxaca-que-obtuvieron-plaza-irregular","status":"publish","type":"post","link":"https:\/\/zonaroja.com.mx\/?p=77474","title":{"rendered":"Liquidar\u00e1n a ex bur\u00f3cratas de Oaxaca que obtuvieron plaza irregular"},"content":{"rendered":"\n<p>Raymundo Morales\/Zona Roja.<\/p>\n\n\n\n<p>Oaxaca de Ju\u00e1rez, Oax., a 13 de febrero de 2025.- El gobierno de Oaxaca liquidar\u00e1 a los ex trabajadores que obtuvieron su plaza de manera irregular, tras la extinci\u00f3n de mil 344 bases laborales decretada por el Congreso local el pasado 11 de diciembre.<\/p>\n\n\n\n<p>La Secretar\u00eda de Administraci\u00f3n inform\u00f3 a los ex empleados vinculados al Decreto 24 que, del 17 al 21 de febrero del presente a\u00f1o, se instalar\u00e1n cuatro mesas de atenci\u00f3n en Ciudad Administrativa para iniciar con sus procesos de liquidaci\u00f3n.<\/p>\n\n\n\n<p>El horario de atenci\u00f3n ser\u00e1 de 9:00 a 16:00 horas, y las mesas estar\u00e1n ubicadas entre los edificios 1 y 2 del complejo administrativo de Ciudad Administrativa, con el objetivo de brindar un proceso ordenado y eficiente a quienes acudan a realizar este tr\u00e1mite.<\/p>\n\n\n\n<p>La Secretar\u00eda de Administraci\u00f3n reiter\u00f3 su compromiso de garantizar un proceso transparente y \u00e1gil, por lo que invita a las y los interesados acudir en las fechas y horarios establecidos para recibir la orientaci\u00f3n y atenci\u00f3n necesarias.<\/p>\n\n\n\n<p>Por su parte, la Secretar\u00eda de Gobierno expuso en un comunicado que, derivado de la \u201ctoma\u201d del Palacio de Gobierno, por parte de personas extrabajadoras de la administraci\u00f3n p\u00fablica estatal, se ha impulsado el di\u00e1logo abierto y pac\u00edfico con las y los manifestantes, sin que exista la disposici\u00f3n de su parte.<\/p>\n\n\n\n<p>Convoc\u00f3 a trav\u00e9s de representantes de la Sego y de la Secretar\u00eda de Administraci\u00f3n (SA) a una mesa de trabajo para dar seguimiento a sus planteamientos; sin embargo, ning\u00fan representante de las personas que bloquea el edificio dio respuesta a esta iniciativa.<\/p>\n\n\n\n<p>\u201cCon base en lo anterior, esta protesta carece de fundamento toda vez que el grupo inconforme no ha hecho entrega de su pliego petitorio\u201d, expuso.&nbsp;<\/p>\n\n\n\n<p>El secretario de Gobierno, Jes\u00fas Romero L\u00f3pez detall\u00f3 que la mesa de di\u00e1logo a la que fueron citados este 12 de febrero en Ciudad Administrativa, fue notificada mediante oficio a la parte inconforme a trav\u00e9s de un delegado de paz y con la presencia de un notario p\u00fablico.<\/p>\n","protected":false},"excerpt":{"rendered":"<p>Raymundo Morales\/Zona Roja. Oaxaca de Ju\u00e1rez, Oax., a 13 de febrero de 2025.- El gobierno&hellip;<\/p>\n","protected":false},"author":2,"featured_media":77475,"comment_status":"closed","ping_status":"open","sticky":false,"template":"","format":"standard","meta":{"_lmt_disableupdate":"","_lmt_disable":"","_jetpack_memberships_contains_paid_content":false,"footnotes":""},"categories":[109,47],"tags":[1989],"class_list":["post-77474","post","type-post","status-publish","format-standard","has-post-thumbnail","hentry","category-minuto-a-minuto","category-zona-gris","tag-secretaria-de-administracion"],"jetpack_featured_media_url":"https:\/\/zonaroja.com.mx\/wp-content\/uploads\/2025\/02\/Burocratas-despedidos-Oaxaca.jpg","jetpack_sharing_enabled":true,"_links":{"self":[{"href":"https:\/\/zonaroja.com.mx\/index.php?rest_route=\/wp\/v2\/posts\/77474","targetHints":{"allow":["GET"]}}],"collection":[{"href":"https:\/\/zonaroja.com.mx\/index.php?rest_route=\/wp\/v2\/posts"}],"about":[{"href":"https:\/\/zonaroja.com.mx\/index.php?rest_route=\/wp\/v2\/types\/post"}],"author":[{"embeddable":true,"href":"https:\/\/zonaroja.com.mx\/index.php?rest_route=\/wp\/v2\/users\/2"}],"replies":[{"embeddable":true,"href":"https:\/\/zonaroja.com.mx\/index.php?rest_route=%2Fwp%2Fv2%2Fcomments&post=77474"}],"version-history":[{"count":1,"href":"https:\/\/zonaroja.com.mx\/index.php?rest_route=\/wp\/v2\/posts\/77474\/revisions"}],"predecessor-version":[{"id":77476,"href":"https:\/\/zonaroja.com.mx\/index.php?rest_route=\/wp\/v2\/posts\/77474\/revisions\/77476"}],"wp:featuredmedia":[{"embeddable":true,"href":"https:\/\/zonaroja.com.mx\/index.php?rest_route=\/wp\/v2\/media\/77475"}],"wp:attachment":[{"href":"https:\/\/zonaroja.com.mx\/index.php?rest_route=%2Fwp%2Fv2%2Fmedia&parent=77474"}],"wp:term":[{"taxonomy":"category","embeddable":true,"href":"https:\/\/zonaroja.com.mx\/index.php?rest_route=%2Fwp%2Fv2%2Fcategories&post=77474"},{"taxonomy":"post_tag","embeddable":true,"href":"https:\/\/zonaroja.com.mx\/index.php?rest_route=%2Fwp%2Fv2%2Ftags&post=77474"}],"curies":[{"name":"wp","href":"https:\/\/api.w.org\/{rel}","templated":true}]}}