{"id":77477,"date":"2025-02-13T12:06:00","date_gmt":"2025-02-13T18:06:00","guid":{"rendered":"https:\/\/zonaroja.com.mx\/?p=77477"},"modified":"2025-02-13T08:08:19","modified_gmt":"2025-02-13T14:08:19","slug":"aprueban-plan-de-trabajo-de-comision-senatorial-del-corredor-interoceanico","status":"publish","type":"post","link":"https:\/\/zonaroja.com.mx\/?p=77477","title":{"rendered":"Aprueban plan de trabajo de comisi\u00f3n senatorial del Corredor Interoce\u00e1nico"},"content":{"rendered":"\n<p>Redacci\u00f3n\/Zona Roja Cdmx.<\/p>\n\n\n\n<p>Ciudad de M\u00e9xico, a 13 de febrero de 2025.- La Comisi\u00f3n Especial de Seguimiento e Impulso al Corredor Interoce\u00e1nico del Istmo de Tehuantepec (CIIT) aprob\u00f3 su plan de trabajo, con el compromiso de garantizar que las acciones y pol\u00edticas implementadas se lleven a cabo de manera eficaz, sustentable y equitativa, con \u00e9nfasis en el impulso a la atracci\u00f3n de inversiones nacionales e internacionales y estrategias para facilitar el acceso a nuevos mercados.<\/p>\n\n\n\n<p>El presidente de la Comisi\u00f3n, Antonino Morales Toledo, dijo que este plan de trabajo no solo busca proponer instrumentos jur\u00eddicos y normativos que faciliten el desarrollo del proyecto del Corredor Interoce\u00e1nico, sino promover la participaci\u00f3n activa de las comunidades locales en su desarrollo, con respeto a sus derechos humanos y formas de vida.<\/p>\n\n\n\n<p>Ante los integrantes de la comisi\u00f3n, el legislador oaxaque\u00f1o resalt\u00f3 que se trata de un proyecto estrat\u00e9gico para M\u00e9xico, que representa una oportunidad hist\u00f3rica para alcanzar un M\u00e9xico m\u00e1s justo y equitativo, donde el gobierno y las comunidades trabajen de la mano para construir un futuro de prosperidad compartida.<\/p>\n\n\n\n<p>\u201cBusca contribuir al desarrollo econ\u00f3mico, industrial y social de todo el pa\u00eds, y en particular del sur-sureste, una de las regiones m\u00e1s desfavorecidas por las pol\u00edticas de los gobiernos anteriores a la Cuarta Transformaci\u00f3n\u201d.<\/p>\n\n\n\n<p>Es por eso que esta Comisi\u00f3n Especial tiene como objetivo garantizar que las acciones y pol\u00edticas implementadas en torno al CIIT se lleven a cabo de manera eficaz, sustentable y equitativa, asegurando que las comunidades locales se beneficien de este esfuerzo nacional.<\/p>\n\n\n\n<p>En ese sentido, la comisi\u00f3n aprob\u00f3 los objetivos de proponer instrumentos jur\u00eddicos y normativos que faciliten el desarrollo del proyecto, la promoci\u00f3n de la participaci\u00f3n activa de las comunidades y la creaci\u00f3n de cuatro subgrupos de trabajo para analizar y dar seguimiento detallado a aspectos clave como el desarrollo regional, el bienestar social, la infraestructura, la innovaci\u00f3n industrial y tecnol\u00f3gica, la promoci\u00f3n de inversiones y el desarrollo comercial.<\/p>\n\n\n\n<p>El senador Antonino Morales record\u00f3 que se trata de un proyecto estrat\u00e9gico impulsado por el ex presidente Andr\u00e9s Manuel L\u00f3pez Obrador y que ha recibido todo el respaldo de la presidenta Claudia Sheinbaum, por lo que el Senado debe acompa\u00f1ar este esfuerzo con acciones estrat\u00e9gicas.<\/p>\n\n\n\n<p>Detall\u00f3 que el plan de trabajo comprende la integraci\u00f3n de un documento que re\u00fana las caracter\u00edsticas y oportunidades que presenta el Corredor Interoce\u00e1nico del Istmo de Tehuantepec, para su difusi\u00f3n en las distintas representaciones diplom\u00e1ticas que tiene M\u00e9xico en el exterior.<\/p>\n\n\n\n<p>Ello, con el fin de promover la inversi\u00f3n y el desarrollo comercial, con la revisi\u00f3n y creaci\u00f3n de marcos legislativos que favorezcan un entorno de negocios din\u00e1mico, adem\u00e1s de estrategias para incrementar la competitividad y facilitar el acceso a nuevos mercados<\/p>\n\n\n\n<p>Adem\u00e1s, se crear\u00e1 un repositorio de informaci\u00f3n clave, se evaluar\u00e1n los proyectos realizados desde su inicio en 2018, se contar\u00e1 con estudios para analizar el crecimiento esperado de la regi\u00f3n en t\u00e9rminos de poblaci\u00f3n, vivienda y econom\u00eda, a fin de prever las necesidades de infraestructura y servicios en las pr\u00f3ximas d\u00e9cadas.<\/p>\n\n\n\n<p>\u201cCon este enfoque integral, la Comisi\u00f3n Especial trabajar\u00e1 para contribuir a que el Corredor Interoce\u00e1nico sea no s\u00f3lo una realidad de desarrollo, sino un legado de justicia social y prosperidad para las generaciones futuras\u201d, anot\u00f3.<\/p>\n","protected":false},"excerpt":{"rendered":"<p>Redacci\u00f3n\/Zona Roja Cdmx. Ciudad de M\u00e9xico, a 13 de febrero de 2025.- La Comisi\u00f3n Especial&hellip;<\/p>\n","protected":false},"author":2,"featured_media":77478,"comment_status":"closed","ping_status":"open","sticky":false,"template":"","format":"standard","meta":{"_lmt_disableupdate":"","_lmt_disable":"","_jetpack_memberships_contains_paid_content":false,"footnotes":""},"categories":[109,46],"tags":[180],"class_list":["post-77477","post","type-post","status-publish","format-standard","has-post-thumbnail","hentry","category-minuto-a-minuto","category-zona-blanca","tag-antonino-morales-toledo"],"jetpack_featured_media_url":"https:\/\/zonaroja.com.mx\/wp-content\/uploads\/2025\/02\/Antonino-Morales-comision-interoceanico.jpg","jetpack_sharing_enabled":true,"_links":{"self":[{"href":"https:\/\/zonaroja.com.mx\/index.php?rest_route=\/wp\/v2\/posts\/77477","targetHints":{"allow":["GET"]}}],"collection":[{"href":"https:\/\/zonaroja.com.mx\/index.php?rest_route=\/wp\/v2\/posts"}],"about":[{"href":"https:\/\/zonaroja.com.mx\/index.php?rest_route=\/wp\/v2\/types\/post"}],"author":[{"embeddable":true,"href":"https:\/\/zonaroja.com.mx\/index.php?rest_route=\/wp\/v2\/users\/2"}],"replies":[{"embeddable":true,"href":"https:\/\/zonaroja.com.mx\/index.php?rest_route=%2Fwp%2Fv2%2Fcomments&post=77477"}],"version-history":[{"count":1,"href":"https:\/\/zonaroja.com.mx\/index.php?rest_route=\/wp\/v2\/posts\/77477\/revisions"}],"predecessor-version":[{"id":77479,"href":"https:\/\/zonaroja.com.mx\/index.php?rest_route=\/wp\/v2\/posts\/77477\/revisions\/77479"}],"wp:featuredmedia":[{"embeddable":true,"href":"https:\/\/zonaroja.com.mx\/index.php?rest_route=\/wp\/v2\/media\/77478"}],"wp:attachment":[{"href":"https:\/\/zonaroja.com.mx\/index.php?rest_route=%2Fwp%2Fv2%2Fmedia&parent=77477"}],"wp:term":[{"taxonomy":"category","embeddable":true,"href":"https:\/\/zonaroja.com.mx\/index.php?rest_route=%2Fwp%2Fv2%2Fcategories&post=77477"},{"taxonomy":"post_tag","embeddable":true,"href":"https:\/\/zonaroja.com.mx\/index.php?rest_route=%2Fwp%2Fv2%2Ftags&post=77477"}],"curies":[{"name":"wp","href":"https:\/\/api.w.org\/{rel}","templated":true}]}}