{"id":77480,"date":"2025-02-13T13:11:00","date_gmt":"2025-02-13T19:11:00","guid":{"rendered":"https:\/\/zonaroja.com.mx\/?p=77480"},"modified":"2025-02-13T08:11:58","modified_gmt":"2025-02-13T14:11:58","slug":"ordena-tribunal-al-ieepco-modificar-convocatoria-para-titular-de-unidad-de-genero","status":"publish","type":"post","link":"https:\/\/zonaroja.com.mx\/?p=77480","title":{"rendered":"Ordena Tribunal al IEEPCO modificar convocatoria para titular de Unidad de G\u00e9nero"},"content":{"rendered":"\n<p>Redacci\u00f3n\/Zona Roja.<\/p>\n\n\n\n<p>Oaxaca de Ju\u00e1rez, Oax., a 13 de febrero de 2025.- El pleno del Tribunal Electoral del Estado de Oaxaca (TEEO), se\u00f1al\u00f3 que la convocatoria emitida por el Consejo General del Instituto Estatal Electoral y de Participaci\u00f3n Ciudadana (IEEPCO), vulnera el principio de no discriminaci\u00f3n e igualdad, por lo cual, le orden\u00f3 modificar el acuerdo y convocatoria para elegir a la titular de la Unidad T\u00e9cnica para la Igualdad de G\u00e9nero y no Discriminaci\u00f3n de ese organismo.<\/p>\n\n\n\n<p>La convocatoria fue impugnada por Mari\u00f3n Isabel Cort\u00e9s Sarmiento, en su calidad de ciudadana con discapacidad visual, quien se\u00f1al\u00f3 omisi\u00f3n por parte del IEEPCO al excluir a las mujeres con discapacidad.<\/p>\n\n\n\n<p>Por unanimidad, el pleno aprob\u00f3 la sentencia del Juicio Ciudadano con clave: JDC\/19\/2025, en la que declar\u00f3 fundado el agravio, ya que del estudio a las constancias que obran en autos, se advierte que dicha convocatoria es limitativa al enfocarse \u00fanicamente para que las mujeres ind\u00edgenas y afromexicanas puedan postularse a la titularidad de dicha Unidad.<\/p>\n\n\n\n<p>En sesi\u00f3n p\u00fablica, este Tribunal se\u00f1al\u00f3 que existe contradicci\u00f3n, ya que dicho acuerdo se\u00f1ala, que puede postularse cualquier mujer interesada previa convocatoria abierta para contender al cargo de direcci\u00f3n, y no, as\u00ed como se se\u00f1ala en el acuerdo impugnado, vulnerando el principio de no discriminaci\u00f3n e igualdad.<\/p>\n\n\n\n<p>Por lo anterior, orden\u00f3 al IEEPCO dar cumplimiento para que todas las mujeres sin distinci\u00f3n, puedan participar en el proceso de selecci\u00f3n de la titularidad de la Unidad T\u00e9cnica para la Igualdad de G\u00e9nero y no Discriminaci\u00f3n del Instituto Estatal Electoral y de Participaci\u00f3n Ciudadana de Oaxaca.<\/p>\n\n\n\n<p>VIOLENCIA DE G\u00c9NERO<\/p>\n\n\n\n<p>Por otro lado, en el municipio de Reforma de Pineda, el Tribunal declar\u00f3 existente la Violencia Pol\u00edtica en Raz\u00f3n de G\u00e9nero denunciada por la S\u00edndica Municipal, la Regidora de Salud y de Parques y Jardines, atribuida al presidente municipal Jos\u00e9 M\u00e9ndez Ram\u00edrez, en la resoluci\u00f3n del juicio JDC\/320\/2024.<\/p>\n\n\n\n<p>Adem\u00e1s, declar\u00f3 fundados los agravios planteados como, la obstrucci\u00f3n al ejercicio del cargo, no fueron convocadas a las sesiones de Cabildo, se les neg\u00f3 a participar en las actividades del Comit\u00e9 de entrega-recepci\u00f3n del Ayuntamiento, y no recibieron el pago de dietas y aguinaldo correspondiente al ejercicio fiscal 2024.<\/p>\n\n\n\n<p>El TEEO se\u00f1al\u00f3 que existen una clara violaci\u00f3n a sus derechos como mujeres, ante la evidencia de manera sistematizada de una falta de reconocimiento y respeto durante el tiempo que se encontraron ejerciendo sus cargos municipales.<\/p>\n","protected":false},"excerpt":{"rendered":"<p>Redacci\u00f3n\/Zona Roja. Oaxaca de Ju\u00e1rez, Oax., a 13 de febrero de 2025.- El pleno del&hellip;<\/p>\n","protected":false},"author":2,"featured_media":68405,"comment_status":"closed","ping_status":"open","sticky":false,"template":"","format":"standard","meta":{"_lmt_disableupdate":"","_lmt_disable":"","_jetpack_memberships_contains_paid_content":false,"footnotes":""},"categories":[109,47],"tags":[2235],"class_list":["post-77480","post","type-post","status-publish","format-standard","has-post-thumbnail","hentry","category-minuto-a-minuto","category-zona-gris","tag-tribunal-electoral-del-estado-de-oaxaca-teeo"],"jetpack_featured_media_url":"https:\/\/zonaroja.com.mx\/wp-content\/uploads\/2024\/05\/Tribunal-TEEO-Estado-de-Oaxaca-Electoral.jpeg","jetpack_sharing_enabled":true,"_links":{"self":[{"href":"https:\/\/zonaroja.com.mx\/index.php?rest_route=\/wp\/v2\/posts\/77480","targetHints":{"allow":["GET"]}}],"collection":[{"href":"https:\/\/zonaroja.com.mx\/index.php?rest_route=\/wp\/v2\/posts"}],"about":[{"href":"https:\/\/zonaroja.com.mx\/index.php?rest_route=\/wp\/v2\/types\/post"}],"author":[{"embeddable":true,"href":"https:\/\/zonaroja.com.mx\/index.php?rest_route=\/wp\/v2\/users\/2"}],"replies":[{"embeddable":true,"href":"https:\/\/zonaroja.com.mx\/index.php?rest_route=%2Fwp%2Fv2%2Fcomments&post=77480"}],"version-history":[{"count":1,"href":"https:\/\/zonaroja.com.mx\/index.php?rest_route=\/wp\/v2\/posts\/77480\/revisions"}],"predecessor-version":[{"id":77481,"href":"https:\/\/zonaroja.com.mx\/index.php?rest_route=\/wp\/v2\/posts\/77480\/revisions\/77481"}],"wp:featuredmedia":[{"embeddable":true,"href":"https:\/\/zonaroja.com.mx\/index.php?rest_route=\/wp\/v2\/media\/68405"}],"wp:attachment":[{"href":"https:\/\/zonaroja.com.mx\/index.php?rest_route=%2Fwp%2Fv2%2Fmedia&parent=77480"}],"wp:term":[{"taxonomy":"category","embeddable":true,"href":"https:\/\/zonaroja.com.mx\/index.php?rest_route=%2Fwp%2Fv2%2Fcategories&post=77480"},{"taxonomy":"post_tag","embeddable":true,"href":"https:\/\/zonaroja.com.mx\/index.php?rest_route=%2Fwp%2Fv2%2Ftags&post=77480"}],"curies":[{"name":"wp","href":"https:\/\/api.w.org\/{rel}","templated":true}]}}