{"id":77482,"date":"2025-02-13T18:18:26","date_gmt":"2025-02-14T00:18:26","guid":{"rendered":"https:\/\/zonaroja.com.mx\/?p=77482"},"modified":"2025-02-13T18:18:28","modified_gmt":"2025-02-14T00:18:28","slug":"preliminar-tres-asesinados-en-el-istmo-por-enfrentamientos","status":"publish","type":"post","link":"https:\/\/zonaroja.com.mx\/?p=77482","title":{"rendered":"Preliminar: tres asesinados en el Istmo por enfrentamientos\u00a0"},"content":{"rendered":"\n<p>Ismael Garc\u00eda M.\/Zona Roja.<\/p>\n\n\n\n<p>Oaxaca de Ju\u00e1rez, Oax., a 13 de febrero de 2025.- Al menos tres personas perdieron la vida tras enfrentamientos entre comunidades de la regi\u00f3n del Istmo de Tehuantepec, Oaxaca, presuntamente por un conflicto agrario.<\/p>\n\n\n\n<p>Desde el pasado lunes estall\u00f3 la problem\u00e1tica entre Santo Domingo Petapa y San Juan Mazatl\u00e1n Mixe, por la construcci\u00f3n de un camino artesanal por parte del primer municipio, presuntamente en territorio ajeno.<\/p>\n\n\n\n<p>Ello deriv\u00f3 en la retenci\u00f3n de maquinaria y de al menos dos personas de la empresa Maquirent, identificados como Adri\u00e1n Morales Cort\u00e9s y Benedicto de los \u00c1ngeles Hern\u00e1ndez, por parte de un grupo de personas encabezadas por el edil de Petapa, Aldo Enrique Cruz Dom\u00ednguez.<\/p>\n\n\n\n<p>Ante la lenta actuaci\u00f3n por parte de la Secretar\u00eda de Gobierno (Sego), en su representaci\u00f3n regional, el conflicto fue escalando y deriv\u00f3 este jueves en un enfrentamiento y emboscada con saldo fatal.<\/p>\n\n\n\n<p>De acuerdo con la Uni\u00f3n de Comunidades Ind\u00edgenas de la Zona Norte del Isto (Ucizoni), alrededor de las 14:30 horas a la altura de R\u00edo del Sol asesinaron a tres miembros de su organizaci\u00f3n, originarios de la comunidad de San Isidro Platanillo.<\/p>\n\n\n\n<p>Las v\u00edctimas fueron identificadas como Wilfrido Atanacio, Victoriano Quirino y Abraham Chirino, presuntamente a causa de un ataque armado por parte de pobladores de Santo Domingo Petapa.<\/p>\n\n\n\n<p>Tambi\u00e9n se reporta que el agente municipal de El Platanillo de nombre Leonel Cristobal se encuentra desaparecido.&nbsp;<\/p>\n\n\n\n<p>La Ucizoni exigi\u00f3 al Gobierno del Estado act\u00fae de manera imparcial y brinde las garant\u00edas a la poblaci\u00f3n para evitar una mayor tragedia. \u201c\u00bfEsta es la gobernabilidad que se pregona?\u201d, reproch\u00f3.<\/p>\n\n\n\n<p>RESPUESTA OFICIAL<\/p>\n\n\n\n<p>Por su parte, en un comunicado, la Secretar\u00eda de Gobierno inform\u00f3:<\/p>\n\n\n\n<p>A trav\u00e9s de la Secretar\u00eda de Gobierno (Sego) se ha mantenido un di\u00e1logo entre San Isidro Platanillo, la cabecera municipal y las dem\u00e1s agencias, para dar soluci\u00f3n a un conflicto intermunicipal derivado de una conflictividad agraria con habitantes de San Juan Mazatl\u00e1n.<\/p>\n\n\n\n<p>Se\u00f1ala que los \u00faltimos acontecimientos derivan de la oposici\u00f3n de algunas comunidades de Santo Domingo Petapa para la construcci\u00f3n de un Camino Bienestar en una zona que se encuentra en disputa entre el municipio de Santo Domingo Petapa y San Juan Mazatl\u00e1n.<\/p>\n\n\n\n<p>El titular de la Sego, Jes\u00fas Romero L\u00f3pez inform\u00f3 que se ha tenido el acercamiento para socializar esta obra, y se trabaja para la recuperaci\u00f3n de dos trabajadores de una empresa constructora que brindaban mantenimiento a la maquinaria que realiza los trabajos t\u00e9cnicos de este camino.<\/p>\n\n\n\n<p>Por lo anterior, convoca a las autoridades de Santo Domingo Petapa a mantener la paz social y el di\u00e1logo, al tiempo de refrendar que se brindar\u00e1 seguridad a la comunidad de la agencia San Isidro Platanillo a trav\u00e9s de la Mesa Estatal de Seguridad.<\/p>\n\n\n\n<p>Respecto al temor de un posible enfrentamiento, Jes\u00fas Romero expres\u00f3 que se mantiene comunicaci\u00f3n con ambas comunidades a quienes se les ha exhortado a mantener la paz social y ajustarse al Estado de Derecho para evitar posibles v\u00edctimas, derivado de este conflicto intercomunitario.<\/p>\n\n\n\n<p>De esta manera refrend\u00f3 que habr\u00e1 seguridad en la zona con la presencia de los tres niveles de gobierno.<\/p>\n","protected":false},"excerpt":{"rendered":"<p>Ismael Garc\u00eda M.\/Zona Roja. Oaxaca de Ju\u00e1rez, Oax., a 13 de febrero de 2025.- Al&hellip;<\/p>\n","protected":false},"author":2,"featured_media":77483,"comment_status":"closed","ping_status":"open","sticky":false,"template":"","format":"standard","meta":{"_lmt_disableupdate":"","_lmt_disable":"","_jetpack_memberships_contains_paid_content":false,"footnotes":""},"categories":[109,51],"tags":[1745],"class_list":["post-77482","post","type-post","status-publish","format-standard","has-post-thumbnail","hentry","category-minuto-a-minuto","category-zona-roja","tag-santo-domingo-petapa"],"jetpack_featured_media_url":"https:\/\/zonaroja.com.mx\/wp-content\/uploads\/2025\/02\/Santo-Domingo-Petapa.jpg","jetpack_sharing_enabled":true,"_links":{"self":[{"href":"https:\/\/zonaroja.com.mx\/index.php?rest_route=\/wp\/v2\/posts\/77482","targetHints":{"allow":["GET"]}}],"collection":[{"href":"https:\/\/zonaroja.com.mx\/index.php?rest_route=\/wp\/v2\/posts"}],"about":[{"href":"https:\/\/zonaroja.com.mx\/index.php?rest_route=\/wp\/v2\/types\/post"}],"author":[{"embeddable":true,"href":"https:\/\/zonaroja.com.mx\/index.php?rest_route=\/wp\/v2\/users\/2"}],"replies":[{"embeddable":true,"href":"https:\/\/zonaroja.com.mx\/index.php?rest_route=%2Fwp%2Fv2%2Fcomments&post=77482"}],"version-history":[{"count":1,"href":"https:\/\/zonaroja.com.mx\/index.php?rest_route=\/wp\/v2\/posts\/77482\/revisions"}],"predecessor-version":[{"id":77484,"href":"https:\/\/zonaroja.com.mx\/index.php?rest_route=\/wp\/v2\/posts\/77482\/revisions\/77484"}],"wp:featuredmedia":[{"embeddable":true,"href":"https:\/\/zonaroja.com.mx\/index.php?rest_route=\/wp\/v2\/media\/77483"}],"wp:attachment":[{"href":"https:\/\/zonaroja.com.mx\/index.php?rest_route=%2Fwp%2Fv2%2Fmedia&parent=77482"}],"wp:term":[{"taxonomy":"category","embeddable":true,"href":"https:\/\/zonaroja.com.mx\/index.php?rest_route=%2Fwp%2Fv2%2Fcategories&post=77482"},{"taxonomy":"post_tag","embeddable":true,"href":"https:\/\/zonaroja.com.mx\/index.php?rest_route=%2Fwp%2Fv2%2Ftags&post=77482"}],"curies":[{"name":"wp","href":"https:\/\/api.w.org\/{rel}","templated":true}]}}