{"id":77488,"date":"2025-02-13T22:12:40","date_gmt":"2025-02-14T04:12:40","guid":{"rendered":"https:\/\/zonaroja.com.mx\/?p=77488"},"modified":"2025-02-13T22:12:42","modified_gmt":"2025-02-14T04:12:42","slug":"en-oaxaca-no-ven-ni-oyen-a-estudiantes-normalistas","status":"publish","type":"post","link":"https:\/\/zonaroja.com.mx\/?p=77488","title":{"rendered":"En Oaxaca no ven ni oyen a estudiantes normalistas"},"content":{"rendered":"\n<p>Raymundo Morales\/Zona Roja.<\/p>\n\n\n\n<p>Oaxaca de Ju\u00e1rez, Oax., a 13 de febrero de 2025.- En Oaxaca una marcha pac\u00edfica de estudiantes normalistas se convirti\u00f3 en una agresi\u00f3n a la poblaci\u00f3n, por desatenci\u00f3n de las autoridades estatales, principalmente del IEEPO.<\/p>\n\n\n\n<p>Poco despu\u00e9s del mediod\u00eda, integrantes de la Coordinadora Estudiantil Normalista del Estado de Oaxaca (CENEO) se congregaron en la carretera federal 190 Oaxaca-Istmo, a la altura del crucero de la antigua sede del IEEPO.<\/p>\n\n\n\n<p>Tras ello, una representaci\u00f3n dio una conferencia de prensa para exponer que la finalidad de la movilizaci\u00f3n es entregar un pliego petitorio al Gobierno del Estado.<\/p>\n\n\n\n<p>Mismo que contiene demandas de car\u00e1cter educativo, entre ellos equipamiento y mobiliario para las 11 escuelas normales del estado.<\/p>\n\n\n\n<p>Poco despu\u00e9s de las 13:00 horas partieron en marcha con rumbo al z\u00f3calo de la capital, donde dieron un mitin para reiterar sus demandas y esperar que alguna representaci\u00f3n del gobierno los recibiera.<\/p>\n\n\n\n<p>Sin embargo, despu\u00e9s de las 15:00 horas, al no tener ninguna respuesta por parte de las autoridades, entre ellas el Instituto Estatal de Educaci\u00f3n P\u00fablica de Oaxaca y de la Secretar\u00eda de Gobierno (Sego), recriminaron el desd\u00e9n de sus titulares, Emilio Montero P\u00e9rez y Jes\u00fas Romero L\u00f3pez.<\/p>\n\n\n\n<p>Por lo cual determinaron quedarse en \u201cplant\u00f3n\u201d en el z\u00f3calo capitalino; despu\u00e9s de las 18:00 horas, al no obtener ninguna respuesta, comenzaron bloqueos en la dos cruces de la avenida Independencia, mismos que intensificaron al paso de las horas.<\/p>\n\n\n\n<p>Hasta esta noche, contin\u00faa el cierre de calles en el centro de la ciudad, sin que ninguna autoridad estatal escuche y atienda la recepci\u00f3n del pliego petitorio de los estudiantes normalistas.<\/p>\n\n\n\n<figure class=\"wp-block-embed is-type-rich is-provider-twitter wp-block-embed-twitter\"><div class=\"wp-block-embed__wrapper\">\n<div class=\"twitter-tweet\"><blockquote class=\"twitter-tweet\" data-lang=\"es\"><p lang=\"es\" dir=\"ltr\">Tras el mitin en el z\u00f3calo de la ciudad de Oaxaca, normalistas acusan indolencia de funcionarios, entre ellos el titular de la <a href=\"https:\/\/twitter.com\/SEGO_Oax?ref_src=twsrc%5Etfw\">@SEGO_Oax<\/a>, <a href=\"https:\/\/twitter.com\/jesusromerooax?ref_src=twsrc%5Etfw\">@jesusromerooax<\/a>, para recibir su pliego petitorio. <br>Tampoco responde el director del <a href=\"https:\/\/twitter.com\/IEEPOGobOax?ref_src=twsrc%5Etfw\">@IEEPOGobOax<\/a>, <a href=\"https:\/\/twitter.com\/EMILIOMONTEROP?ref_src=twsrc%5Etfw\">@emiliomonterop<\/a>. <br>Video: Cortes\u00eda. <a href=\"https:\/\/t.co\/oUh12lBfe3\">pic.twitter.com\/oUh12lBfe3<\/a><\/p>&mdash; Zona Roja Oaxaca (@ZonaRoja_Oaxaca) <a href=\"https:\/\/twitter.com\/ZonaRoja_Oaxaca\/status\/1890180596053516352?ref_src=twsrc%5Etfw\">13 de febrero de 2025<\/a><\/blockquote><\/div>\n<\/div><\/figure>\n","protected":false},"excerpt":{"rendered":"<p>Raymundo Morales\/Zona Roja. Oaxaca de Ju\u00e1rez, Oax., a 13 de febrero de 2025.- En Oaxaca&hellip;<\/p>\n","protected":false},"author":2,"featured_media":77489,"comment_status":"closed","ping_status":"open","sticky":false,"template":"","format":"standard","meta":{"_lmt_disableupdate":"","_lmt_disable":"","_jetpack_memberships_contains_paid_content":false,"footnotes":""},"categories":[109,47],"tags":[1926],"class_list":["post-77488","post","type-post","status-publish","format-standard","has-post-thumbnail","hentry","category-minuto-a-minuto","category-zona-gris","tag-coordinadora-estudiantil-normalista-del-estado-de-oaxaca-ceneo"],"jetpack_featured_media_url":"https:\/\/zonaroja.com.mx\/wp-content\/uploads\/2025\/02\/Protesta-normalistas-Oaaxaca.jpeg","jetpack_sharing_enabled":true,"_links":{"self":[{"href":"https:\/\/zonaroja.com.mx\/index.php?rest_route=\/wp\/v2\/posts\/77488","targetHints":{"allow":["GET"]}}],"collection":[{"href":"https:\/\/zonaroja.com.mx\/index.php?rest_route=\/wp\/v2\/posts"}],"about":[{"href":"https:\/\/zonaroja.com.mx\/index.php?rest_route=\/wp\/v2\/types\/post"}],"author":[{"embeddable":true,"href":"https:\/\/zonaroja.com.mx\/index.php?rest_route=\/wp\/v2\/users\/2"}],"replies":[{"embeddable":true,"href":"https:\/\/zonaroja.com.mx\/index.php?rest_route=%2Fwp%2Fv2%2Fcomments&post=77488"}],"version-history":[{"count":1,"href":"https:\/\/zonaroja.com.mx\/index.php?rest_route=\/wp\/v2\/posts\/77488\/revisions"}],"predecessor-version":[{"id":77490,"href":"https:\/\/zonaroja.com.mx\/index.php?rest_route=\/wp\/v2\/posts\/77488\/revisions\/77490"}],"wp:featuredmedia":[{"embeddable":true,"href":"https:\/\/zonaroja.com.mx\/index.php?rest_route=\/wp\/v2\/media\/77489"}],"wp:attachment":[{"href":"https:\/\/zonaroja.com.mx\/index.php?rest_route=%2Fwp%2Fv2%2Fmedia&parent=77488"}],"wp:term":[{"taxonomy":"category","embeddable":true,"href":"https:\/\/zonaroja.com.mx\/index.php?rest_route=%2Fwp%2Fv2%2Fcategories&post=77488"},{"taxonomy":"post_tag","embeddable":true,"href":"https:\/\/zonaroja.com.mx\/index.php?rest_route=%2Fwp%2Fv2%2Ftags&post=77488"}],"curies":[{"name":"wp","href":"https:\/\/api.w.org\/{rel}","templated":true}]}}