{"id":7749,"date":"2020-01-16T21:37:26","date_gmt":"2020-01-17T03:37:26","guid":{"rendered":"http:\/\/www.zonaroja.com.mx\/?p=7749"},"modified":"2020-01-16T21:37:31","modified_gmt":"2020-01-17T03:37:31","slug":"reportan-primeros-danos-a-viviendas-en-el-istmo-tras-sismo-de-5-3","status":"publish","type":"post","link":"https:\/\/zonaroja.com.mx\/?p=7749","title":{"rendered":"Reportan primeros da\u00f1os a viviendas en el Istmo, tras sismo de 5.3"},"content":{"rendered":"\n<p>Redacci\u00f3n\/Zona\nRoja.<\/p>\n\n\n\n<p>Oaxaca de\nJu\u00e1rez, Oax. 16 de enero del 2020.- Los sismos con magnitud 5.3 y 4.9 ocurridos\neste jueves al suroeste de Ciudad Ixtepec, dej\u00f3 algunas viviendas da\u00f1adas,\nreport\u00f3 la Coordinaci\u00f3n Estatal de Protecci\u00f3n Civil de Oaxaca (CEPCO).<\/p>\n\n\n\n<p>En un\ncomunicado, detall\u00f3 que a las 20:07 horas se present\u00f3 un movimiento tel\u00farico con\nmagnitud preliminar de 5.3 localizado a 10 kil\u00f3metros al sur de Ciudad Ixtepec\ncon ocho kil\u00f3metros de profundidad; tres minutos m\u00e1s tarde se present\u00f3 uno de\n4.9 a 9 kil\u00f3metros de Ciudad Ixtepec.<\/p>\n\n\n\n<p>Dijo que derivado\nde esta situaci\u00f3n, se inici\u00f3 el recorrido por parte de las delegaciones, que han\nreportado hasta este momento que en la comunidad de Mat\u00edas Romero se\npresentaron da\u00f1os en dos viviendas.<\/p>\n\n\n\n<p>En tanto, en\nSanta Mar\u00eda Petapa, se registr\u00f3 desprendimiento de tejas y da\u00f1os en casas de\nadobe, as\u00ed como en el mercado p\u00fablico de la cabecera municipal y se agudizaron\nda\u00f1os en la iglesia de Asunci\u00f3n de Mar\u00eda.<\/p>\n\n\n\n<p>Protecci\u00f3n\nCivil exhort\u00f3 a la poblaci\u00f3n a mantenerse atento a las recomendaciones; de\nigual forma, se mantienen los operativos de supervisi\u00f3n en los municipios de la\nentidad oaxaque\u00f1a.<\/p>\n\n\n\n<p>Asimismo,\nrecord\u00f3 que Oaxaca mantiene el primer lugar en sismos, con 679 de mil 322\nmovimientos tel\u00faricos que se han presentado en M\u00e9xico hasta este 16 de enero,\npara un porcentaje de ocurrencia del 47.91 por ciento.<\/p>\n","protected":false},"excerpt":{"rendered":"<p>Redacci\u00f3n\/Zona Roja. Oaxaca de Ju\u00e1rez, Oax. 16 de enero del 2020.- Los sismos con magnitud&hellip;<\/p>\n","protected":false},"author":2,"featured_media":7750,"comment_status":"closed","ping_status":"open","sticky":false,"template":"","format":"standard","meta":{"_lmt_disableupdate":"","_lmt_disable":"","_jetpack_memberships_contains_paid_content":false,"footnotes":""},"categories":[109,47],"tags":[1237],"class_list":["post-7749","post","type-post","status-publish","format-standard","has-post-thumbnail","hentry","category-minuto-a-minuto","category-zona-gris","tag-sismo-en-oaxaca"],"jetpack_featured_media_url":"https:\/\/zonaroja.com.mx\/wp-content\/uploads\/2020\/01\/PHOTO-2020-01-16-21-06-09.jpg","jetpack_sharing_enabled":true,"_links":{"self":[{"href":"https:\/\/zonaroja.com.mx\/index.php?rest_route=\/wp\/v2\/posts\/7749","targetHints":{"allow":["GET"]}}],"collection":[{"href":"https:\/\/zonaroja.com.mx\/index.php?rest_route=\/wp\/v2\/posts"}],"about":[{"href":"https:\/\/zonaroja.com.mx\/index.php?rest_route=\/wp\/v2\/types\/post"}],"author":[{"embeddable":true,"href":"https:\/\/zonaroja.com.mx\/index.php?rest_route=\/wp\/v2\/users\/2"}],"replies":[{"embeddable":true,"href":"https:\/\/zonaroja.com.mx\/index.php?rest_route=%2Fwp%2Fv2%2Fcomments&post=7749"}],"version-history":[{"count":1,"href":"https:\/\/zonaroja.com.mx\/index.php?rest_route=\/wp\/v2\/posts\/7749\/revisions"}],"predecessor-version":[{"id":7751,"href":"https:\/\/zonaroja.com.mx\/index.php?rest_route=\/wp\/v2\/posts\/7749\/revisions\/7751"}],"wp:featuredmedia":[{"embeddable":true,"href":"https:\/\/zonaroja.com.mx\/index.php?rest_route=\/wp\/v2\/media\/7750"}],"wp:attachment":[{"href":"https:\/\/zonaroja.com.mx\/index.php?rest_route=%2Fwp%2Fv2%2Fmedia&parent=7749"}],"wp:term":[{"taxonomy":"category","embeddable":true,"href":"https:\/\/zonaroja.com.mx\/index.php?rest_route=%2Fwp%2Fv2%2Fcategories&post=7749"},{"taxonomy":"post_tag","embeddable":true,"href":"https:\/\/zonaroja.com.mx\/index.php?rest_route=%2Fwp%2Fv2%2Ftags&post=7749"}],"curies":[{"name":"wp","href":"https:\/\/api.w.org\/{rel}","templated":true}]}}