{"id":77492,"date":"2025-02-14T07:17:00","date_gmt":"2025-02-14T13:17:00","guid":{"rendered":"https:\/\/zonaroja.com.mx\/?p=77492"},"modified":"2025-02-14T06:19:14","modified_gmt":"2025-02-14T12:19:14","slug":"instalan-en-xoxocotlan-el-consejo-comunitario-municipal","status":"publish","type":"post","link":"https:\/\/zonaroja.com.mx\/?p=77492","title":{"rendered":"Instalan en Xoxocotl\u00e1n el Consejo Comunitario Municipal\u00a0"},"content":{"rendered":"\n<p>Redacci\u00f3n\/Zona Roja.<\/p>\n\n\n\n<p>Oaxaca de Ju\u00e1rez, Oax., a 14 de febrero de 2025. &#8211; En sesi\u00f3n ordinaria del Cabildo se llev\u00f3 a cabo la designaci\u00f3n e instalaci\u00f3n del Consejo Comunitario Municipal de Santa Cruz Xoxocotl\u00e1n, un organismo clave para la preservaci\u00f3n y promoci\u00f3n de la cultura, tradiciones e identidad del municipio.&nbsp;<\/p>\n\n\n\n<p>Adem\u00e1s, se realiz\u00f3 la toma de protesta del nuevo cronista municipal para el periodo 2025-2027.<\/p>\n\n\n\n<p>La presidenta municipal, Nancy Ben\u00edtez Z\u00e1rate, destac\u00f3 la importancia de este Consejo como un ente que garantizar\u00e1 la autenticidad y el arraigo de las expresiones culturales del municipio, incluyendo su delegaci\u00f3n folkl\u00f3rica.&nbsp;<\/p>\n\n\n\n<p>En este contexto, fueron designados como integrantes del Consejo Comunitario Municipal las ciudadanas y ciudadanos Carmen Luisa P\u00e9rez Ram\u00edrez, Felicitas Elo\u00edsa \u00c1ngel, Arturo Roque Canseco, Crist\u00f3bal \u00c1ngel Mat\u00edas y Arturo V\u00e1zquez Espejel, quienes tomaron protesta ante el Cabildo.<\/p>\n\n\n\n<p>El Consejo tendr\u00e1 entre sus responsabilidades la supervisi\u00f3n de la selecci\u00f3n, ensayos y desarrollo de la presentaci\u00f3n cultural que participar\u00e1 en la evaluaci\u00f3n del Consejo Intercultural Zapoteco de la Secretar\u00eda de las Culturas y Artes de Oaxaca.&nbsp;<\/p>\n\n\n\n<p>Esta evaluaci\u00f3n determinar\u00e1 la participaci\u00f3n del municipio en la Guelaguetza 2025, el evento cultural m\u00e1s importante de Oaxaca.<\/p>\n\n\n\n<p>Adem\u00e1s, en la misma sesi\u00f3n, el Cabildo aprob\u00f3 por unanimidad la designaci\u00f3n de Arturo V\u00e1zquez Espejel como cronista municipal de Santa Cruz Xoxocotl\u00e1n para el periodo 2025-2027.&nbsp;<\/p>\n\n\n\n<p>La presidenta municipal resalt\u00f3 su trayectoria y experiencia en la investigaci\u00f3n, recopilaci\u00f3n y difusi\u00f3n de la historia y tradiciones del municipio.<\/p>\n\n\n\n<p>V\u00e1zquez Espejel, nacido el 2 de diciembre de 1944 en Santa Cruz Xoxocotl\u00e1n, cuenta con una amplia trayectoria en la preservaci\u00f3n del patrimonio cultural. Durante 30 a\u00f1os trabaj\u00f3 en el Museo Regional de Oaxaca del Instituto Nacional de Antropolog\u00eda e Historia (INAH) y ha desempe\u00f1ado diversos cargos p\u00fablicos, como tesorero municipal y secretario general del sindicato de trabajadores del INAH a nivel estatal.<\/p>\n\n\n\n<p>Adem\u00e1s, ha sido ponente en tertulias culturales y ha colaborado en la formaci\u00f3n de estudiantes interesados en la historia y tradiciones del municipio. Actualmente, trabaja en un proyecto literario sobre el fandango tradicional de Santa Cruz Xoxocotl\u00e1n.<\/p>\n\n\n\n<p>Con estas acciones, el municipio refuerza su compromiso con la conservaci\u00f3n de la cultura y tradiciones, asegurando que las futuras generaciones contin\u00faen valorando y promoviendo la identidad comunitaria.<\/p>\n","protected":false},"excerpt":{"rendered":"<p>Redacci\u00f3n\/Zona Roja. Oaxaca de Ju\u00e1rez, Oax., a 14 de febrero de 2025. &#8211; En sesi\u00f3n&hellip;<\/p>\n","protected":false},"author":2,"featured_media":77493,"comment_status":"closed","ping_status":"open","sticky":false,"template":"","format":"standard","meta":{"_lmt_disableupdate":"","_lmt_disable":"","_jetpack_memberships_contains_paid_content":false,"footnotes":""},"categories":[109,46],"tags":[133],"class_list":["post-77492","post","type-post","status-publish","format-standard","has-post-thumbnail","hentry","category-minuto-a-minuto","category-zona-blanca","tag-santa-cruz-xoxocotlan"],"jetpack_featured_media_url":"https:\/\/zonaroja.com.mx\/wp-content\/uploads\/2025\/02\/Consejo-Municipal-Xoxocotlan.jpg","jetpack_sharing_enabled":true,"_links":{"self":[{"href":"https:\/\/zonaroja.com.mx\/index.php?rest_route=\/wp\/v2\/posts\/77492","targetHints":{"allow":["GET"]}}],"collection":[{"href":"https:\/\/zonaroja.com.mx\/index.php?rest_route=\/wp\/v2\/posts"}],"about":[{"href":"https:\/\/zonaroja.com.mx\/index.php?rest_route=\/wp\/v2\/types\/post"}],"author":[{"embeddable":true,"href":"https:\/\/zonaroja.com.mx\/index.php?rest_route=\/wp\/v2\/users\/2"}],"replies":[{"embeddable":true,"href":"https:\/\/zonaroja.com.mx\/index.php?rest_route=%2Fwp%2Fv2%2Fcomments&post=77492"}],"version-history":[{"count":1,"href":"https:\/\/zonaroja.com.mx\/index.php?rest_route=\/wp\/v2\/posts\/77492\/revisions"}],"predecessor-version":[{"id":77494,"href":"https:\/\/zonaroja.com.mx\/index.php?rest_route=\/wp\/v2\/posts\/77492\/revisions\/77494"}],"wp:featuredmedia":[{"embeddable":true,"href":"https:\/\/zonaroja.com.mx\/index.php?rest_route=\/wp\/v2\/media\/77493"}],"wp:attachment":[{"href":"https:\/\/zonaroja.com.mx\/index.php?rest_route=%2Fwp%2Fv2%2Fmedia&parent=77492"}],"wp:term":[{"taxonomy":"category","embeddable":true,"href":"https:\/\/zonaroja.com.mx\/index.php?rest_route=%2Fwp%2Fv2%2Fcategories&post=77492"},{"taxonomy":"post_tag","embeddable":true,"href":"https:\/\/zonaroja.com.mx\/index.php?rest_route=%2Fwp%2Fv2%2Ftags&post=77492"}],"curies":[{"name":"wp","href":"https:\/\/api.w.org\/{rel}","templated":true}]}}