{"id":77495,"date":"2025-02-14T08:15:00","date_gmt":"2025-02-14T14:15:00","guid":{"rendered":"https:\/\/zonaroja.com.mx\/?p=77495"},"modified":"2025-02-14T07:18:32","modified_gmt":"2025-02-14T13:18:32","slug":"dos-anos-despues-el-ieepo-se-da-cuenta-que-tiene-de-aviador-a-presunto-delincuente","status":"publish","type":"post","link":"https:\/\/zonaroja.com.mx\/?p=77495","title":{"rendered":"Dos a\u00f1os despu\u00e9s, el IEEPO se da cuenta que tiene de \u201caviador\u201d a presunto delincuente"},"content":{"rendered":"\n<p>Raymundo Morales\/Zona Roja.<\/p>\n\n\n\n<p>Oaxaca de Ju\u00e1rez, Oax., a&nbsp; 14 de febrero de 2025.- Dos a\u00f1os despu\u00e9s y tras ser exhibido en las redes sociales, el director del IEEPO, Emilio Montero P\u00e9rez, reconoci\u00f3 que tiene como \u201caviador\u201d a un ex dirigente de transportistas se\u00f1alado de ligas con grupos delictivos y ejecutado en la capital de Oaxaca el pasado 18 de enero<\/p>\n\n\n\n<p>\u201cJair Caleb Rodr\u00edguez Ortega se encontraba dado de alta desde el a\u00f1o 2014 y se desempe\u00f1aba un cargo de intendente o conserje no como Oficial de Servicios Generales.<\/p>\n\n\n\n<p>\ufeff\ufeff\u201dEl sueldo que recib\u00eda asciende a 6 mil 997 pesos mensuales. Estaba adscrito a la Escuela Secundaria T\u00e9cnica n\u00famero 114, del municipio de Santiago Suchilquitongo, Etla\u201d, precis\u00f3 en un comunicado.<\/p>\n\n\n\n<p>Jair Caleb junto con otras dos personas m\u00e1s fueron ejecutadas a balazos la madrugada del jueves 18 de enero en el estacionamiento de la tienda Office Depot, a un costado del centro comercial Plaza del Valle, en la capital.<\/p>\n\n\n\n<p>Fue candidato del Partido Verde Ecologista de M\u00e9xico a presidente municipal de San Pedro Pochutla y dirigente de transportistas de la CTM en Santa Cruz Xoxocotl\u00e1n; era adem\u00e1s constructor y fue se\u00f1alado en diversas ocasiones por sus presuntas ligas con el crimen organizado.<\/p>\n\n\n\n<p>Ayer tras divulgarse el hecho a trav\u00e9s de las redes sociales, el Instituto Estatal de Educaci\u00f3n P\u00fablica de Oaxaca reconoci\u00f3 que estaba dado de alta pero que \u201cel \u00e1rea jur\u00eddica del lEEPO llamar\u00e1 al director de la escuela donde estaba adscrito para que informe que funciones desempe\u00f1aba y el horario de trabajo.<\/p>\n\n\n\n<p>\u201cCabe se\u00f1alar que se inform\u00f3 al Organo Interno de Control para que realice las investigaciones correspondientes en torno a este tema, en el que se actuara conforme a la normatividad\u201d, destaca el comunicado firmado por Emilio Montero P\u00e9rez.<\/p>\n","protected":false},"excerpt":{"rendered":"<p>Raymundo Morales\/Zona Roja. Oaxaca de Ju\u00e1rez, Oax., a&nbsp; 14 de febrero de 2025.- Dos a\u00f1os&hellip;<\/p>\n","protected":false},"author":2,"featured_media":76630,"comment_status":"closed","ping_status":"open","sticky":false,"template":"","format":"standard","meta":{"_lmt_disableupdate":"","_lmt_disable":"","_jetpack_memberships_contains_paid_content":false,"footnotes":""},"categories":[109,47],"tags":[4169],"class_list":["post-77495","post","type-post","status-publish","format-standard","has-post-thumbnail","hentry","category-minuto-a-minuto","category-zona-gris","tag-caleb-rodriguez-ortega"],"jetpack_featured_media_url":"https:\/\/zonaroja.com.mx\/wp-content\/uploads\/2025\/01\/Caleb-Rodriguez-Ortega-asesinado-ciudad-de-Oaxaca.jpeg","jetpack_sharing_enabled":true,"_links":{"self":[{"href":"https:\/\/zonaroja.com.mx\/index.php?rest_route=\/wp\/v2\/posts\/77495","targetHints":{"allow":["GET"]}}],"collection":[{"href":"https:\/\/zonaroja.com.mx\/index.php?rest_route=\/wp\/v2\/posts"}],"about":[{"href":"https:\/\/zonaroja.com.mx\/index.php?rest_route=\/wp\/v2\/types\/post"}],"author":[{"embeddable":true,"href":"https:\/\/zonaroja.com.mx\/index.php?rest_route=\/wp\/v2\/users\/2"}],"replies":[{"embeddable":true,"href":"https:\/\/zonaroja.com.mx\/index.php?rest_route=%2Fwp%2Fv2%2Fcomments&post=77495"}],"version-history":[{"count":1,"href":"https:\/\/zonaroja.com.mx\/index.php?rest_route=\/wp\/v2\/posts\/77495\/revisions"}],"predecessor-version":[{"id":77496,"href":"https:\/\/zonaroja.com.mx\/index.php?rest_route=\/wp\/v2\/posts\/77495\/revisions\/77496"}],"wp:featuredmedia":[{"embeddable":true,"href":"https:\/\/zonaroja.com.mx\/index.php?rest_route=\/wp\/v2\/media\/76630"}],"wp:attachment":[{"href":"https:\/\/zonaroja.com.mx\/index.php?rest_route=%2Fwp%2Fv2%2Fmedia&parent=77495"}],"wp:term":[{"taxonomy":"category","embeddable":true,"href":"https:\/\/zonaroja.com.mx\/index.php?rest_route=%2Fwp%2Fv2%2Fcategories&post=77495"},{"taxonomy":"post_tag","embeddable":true,"href":"https:\/\/zonaroja.com.mx\/index.php?rest_route=%2Fwp%2Fv2%2Ftags&post=77495"}],"curies":[{"name":"wp","href":"https:\/\/api.w.org\/{rel}","templated":true}]}}