{"id":77497,"date":"2025-02-14T09:20:00","date_gmt":"2025-02-14T15:20:00","guid":{"rendered":"https:\/\/zonaroja.com.mx\/?p=77497"},"modified":"2025-02-14T07:21:40","modified_gmt":"2025-02-14T13:21:40","slug":"avanza-reencarpetamiento-en-santa-lucia-del-camino-y-xoxocotlan","status":"publish","type":"post","link":"https:\/\/zonaroja.com.mx\/?p=77497","title":{"rendered":"Avanza reencarpetamiento en Santa Luc\u00eda del Camino y Xoxocotl\u00e1n"},"content":{"rendered":"\n<p>Redacci\u00f3n\/Zona Roja.&nbsp;<\/p>\n\n\n\n<p>Oaxaca de Ju\u00e1rez, Oax., a 14 de febrero de 2025.- M\u00e1s de 150 mil personas que habitan en los municipios de Santa Luc\u00eda del Camino y Santa Cruz Xoxocotl\u00e1n han sido beneficiadas por las obras realizadas en calles y avenidas, que forman parte del Mega Programa de Bacheo y Reencarpetamiento de la Zona Metropolitana.<\/p>\n\n\n\n<p>Con estas acciones se avanza en la transformaci\u00f3n de las v\u00edas de comunicaci\u00f3n, en rutas \u00e1giles, seguras y con repavimentaci\u00f3n total, inform\u00f3 el Gobierno del Estado.<\/p>\n\n\n\n<p>En un comunicado, destac\u00f3 que, como nunca antes, se han realizado estos trabajos de rehabilitaci\u00f3n de siete kil\u00f3metros 600 metros, en la avenida Ferrocarril, desde la calle 16 de Septiembre hasta avenida Hornos, en jurisdicci\u00f3n de Santa Luc\u00eda del Camino, as\u00ed como, en la calle Jacarandas con 900 metros.&nbsp;<\/p>\n\n\n\n<p>Inform\u00f3 que se iniciar\u00e1n labores sobre avenida L\u00e1zaro C\u00e1rdenas, desde avenida Hornos hacia Cinco Se\u00f1ores, que comprender\u00e1n el reencarpetamiento de 6 kil\u00f3metros 600 metros.<\/p>\n\n\n\n<p>En Santa Cruz Xoxocotl\u00e1n, el camino hacia San Antonio Arrazola se concluir\u00e1 con la rehabilitaci\u00f3n total de 4.9 kil\u00f3metros de vialidad.<\/p>\n\n\n\n<p>Asimismo, el personal que labora en estas obras trabaja en horarios diurno y nocturno a fin de concluirlas a la brevedad.<\/p>\n","protected":false},"excerpt":{"rendered":"<p>Redacci\u00f3n\/Zona Roja.&nbsp; Oaxaca de Ju\u00e1rez, Oax., a 14 de febrero de 2025.- M\u00e1s de 150&hellip;<\/p>\n","protected":false},"author":2,"featured_media":77498,"comment_status":"closed","ping_status":"open","sticky":false,"template":"","format":"standard","meta":{"_lmt_disableupdate":"","_lmt_disable":"","_jetpack_memberships_contains_paid_content":false,"footnotes":""},"categories":[109,46],"tags":[],"class_list":["post-77497","post","type-post","status-publish","format-standard","has-post-thumbnail","hentry","category-minuto-a-minuto","category-zona-blanca"],"jetpack_featured_media_url":"https:\/\/zonaroja.com.mx\/wp-content\/uploads\/2025\/02\/Pavimentacion-de-calles-Oaaxaca.jpeg","jetpack_sharing_enabled":true,"_links":{"self":[{"href":"https:\/\/zonaroja.com.mx\/index.php?rest_route=\/wp\/v2\/posts\/77497","targetHints":{"allow":["GET"]}}],"collection":[{"href":"https:\/\/zonaroja.com.mx\/index.php?rest_route=\/wp\/v2\/posts"}],"about":[{"href":"https:\/\/zonaroja.com.mx\/index.php?rest_route=\/wp\/v2\/types\/post"}],"author":[{"embeddable":true,"href":"https:\/\/zonaroja.com.mx\/index.php?rest_route=\/wp\/v2\/users\/2"}],"replies":[{"embeddable":true,"href":"https:\/\/zonaroja.com.mx\/index.php?rest_route=%2Fwp%2Fv2%2Fcomments&post=77497"}],"version-history":[{"count":1,"href":"https:\/\/zonaroja.com.mx\/index.php?rest_route=\/wp\/v2\/posts\/77497\/revisions"}],"predecessor-version":[{"id":77499,"href":"https:\/\/zonaroja.com.mx\/index.php?rest_route=\/wp\/v2\/posts\/77497\/revisions\/77499"}],"wp:featuredmedia":[{"embeddable":true,"href":"https:\/\/zonaroja.com.mx\/index.php?rest_route=\/wp\/v2\/media\/77498"}],"wp:attachment":[{"href":"https:\/\/zonaroja.com.mx\/index.php?rest_route=%2Fwp%2Fv2%2Fmedia&parent=77497"}],"wp:term":[{"taxonomy":"category","embeddable":true,"href":"https:\/\/zonaroja.com.mx\/index.php?rest_route=%2Fwp%2Fv2%2Fcategories&post=77497"},{"taxonomy":"post_tag","embeddable":true,"href":"https:\/\/zonaroja.com.mx\/index.php?rest_route=%2Fwp%2Fv2%2Ftags&post=77497"}],"curies":[{"name":"wp","href":"https:\/\/api.w.org\/{rel}","templated":true}]}}