{"id":77506,"date":"2025-02-14T08:13:43","date_gmt":"2025-02-14T14:13:43","guid":{"rendered":"https:\/\/zonaroja.com.mx\/?p=77506"},"modified":"2025-02-14T08:13:44","modified_gmt":"2025-02-14T14:13:44","slug":"desde-el-senado-respaldan-al-gobierno-de-oaxaca-rechazan-ingobernabilidad","status":"publish","type":"post","link":"https:\/\/zonaroja.com.mx\/?p=77506","title":{"rendered":"Desde el Senado respaldan al gobierno de Oaxaca; rechazan ingobernabilidad"},"content":{"rendered":"\n<p>Raymundo Morales\/Zona Roja Cdmx.<\/p>\n\n\n\n<p>Ciudad de M\u00e9xico, a 14 de febrero de 2024.- Un grupo de senadores reiter\u00f3 su respaldo al gobierno de Oaxaca y rechaz\u00f3 que haya ingobernabilidad; por el contrario, hay un clima de estabilidad que favorece las inversiones, destacaron.<\/p>\n\n\n\n<p>\u201cLas inversiones confirman que hay confianza en el gobierno de Salom\u00f3n Jara<\/p>\n\n\n\n<p>Oaxaca es un estado seguro, con gobernabilidad, que respeta a las organizaciones sociales y es falso que haya una ola imparable de violencia\u201d, destacaron en voz de Antonino Morales Toledo.<\/p>\n\n\n\n<p>Sostuvieron que pese al rezago y marginaci\u00f3n en que lo sumieron los gobiernos pasados hay resultados que lo colocan como la segunda entidad con mayor crecimiento del PIB y el quinto m\u00e1s seguro, capaz de captar inversiones millonarias en los pr\u00f3ximos 50 a\u00f1os.<\/p>\n\n\n\n<p>En conferencia de prensa, los senadores Antonino Morales, Luis Alfonso Silva y Laura Estrada lamentaron que haya grupos con intereses oscuros que utilizan a medios de comunicaci\u00f3n para tergiversar la situaci\u00f3n que guarda la entidad, pues inclusive en medio de la incertidumbre comercial provocada por el gobierno estadounidense, est\u00e1 atrayendo inversiones millonarias.<\/p>\n\n\n\n<p>Exhibieron las cifras de crecimiento, programas sociales, pol\u00edtica hospitalaria, atenci\u00f3n a los pueblos y comunidades ind\u00edgenas y acusaron que hay una campa\u00f1a sucia de la oposici\u00f3n en contra del gobierno encabezado por el gobernador morenista Salom\u00f3n Jara Cruz, porque en Oaxaca se acabaron los privilegios para unos cuantos que se enquistaron en el poder y perdieron privilegios, lo que ahora les duele.<\/p>\n\n\n\n<p>El presidente de la Comisi\u00f3n Especial de Seguimiento e Impulso al Corredor Interoce\u00e1nico del Istmo de Tehuantepec, Antonino Morales, resalt\u00f3 que en menos de medio a\u00f1o Oaxaca recibi\u00f3 el anuncio de inversionistas de Dinamarca que llevar\u00e1n 10 mil millones de d\u00f3lares para instalar una planta de hidr\u00f3geno, as\u00ed como del consorcio Ursus-Aqualita LNG para invertir 1.8 mil millones de d\u00f3lares en la construcci\u00f3n de una planta de gas licuado, en el Corredor Interoce\u00e1nico.<\/p>\n\n\n\n<figure class=\"wp-block-embed is-type-rich is-provider-twitter wp-block-embed-twitter\"><div class=\"wp-block-embed__wrapper\">\n<div class=\"twitter-tweet\"><blockquote class=\"twitter-tweet\" data-lang=\"es\"><p lang=\"es\" dir=\"ltr\">Senadores por Oaxaca, en conferencia de prensa en la Ciudad de M\u00e9xico, encabezada por <a href=\"https:\/\/twitter.com\/Nino_Morales1?ref_src=twsrc%5Etfw\">@Nino_Morales1<\/a>, reiteraron su respaldo al mandatario estatal <a href=\"https:\/\/twitter.com\/salomonj?ref_src=twsrc%5Etfw\">@salomonj<\/a> y recriminaron declaraciones y se\u00f1alamientos, que consideraron falsos en contra de la autoridad del estado.<br>Escuche: <a href=\"https:\/\/t.co\/Vkytf07Pp9\">pic.twitter.com\/Vkytf07Pp9<\/a><\/p>&mdash; Zona Roja Oaxaca (@ZonaRoja_Oaxaca) <a href=\"https:\/\/twitter.com\/ZonaRoja_Oaxaca\/status\/1890251478989984129?ref_src=twsrc%5Etfw\">14 de febrero de 2025<\/a><\/blockquote><\/div>\n<\/div><\/figure>\n\n\n\n<p>Dijo que si en Oaxaca no hubiera gobernabilidad, certeza jur\u00eddica, Estado de Derecho y acciones contundentes contra la corrupci\u00f3n, inseguridad a la baja y respaldo social simplemente no habr\u00eda inversiones como esperamos para los pr\u00f3ximos 50 a\u00f1os.<\/p>\n\n\n\n<p>\u201cHay confianza y certidumbre, por eso alcanzamos tambi\u00e9n la cifra m\u00e1s alta de turistas con 6.2 millones. La misma presidenta Claudia Sheinbaum reconoci\u00f3 en su reciente gira el trabajo que encabeza el gobernador Salom\u00f3n Jara, que no se ha detenido para combatir la corrupci\u00f3n y le tiene tal confianza que Oaxaca recibir\u00e1 m\u00e1s de 39 mil millones de pesos para construir 66 mil viviendas, como parte del programa nacional de vivienda\u201d.<\/p>\n\n\n\n<p>El senador zapoteco mencion\u00f3 que esa inversi\u00f3n generar\u00e1 m\u00e1s de 297 mil empleos directos y 445 mil empleos indirectos, \u201cde ese tama\u00f1o es la confianza en la primavera oaxaque\u00f1a\u201d; misma que llev\u00f3 al Tecnol\u00f3gico de M\u00e9xico a entregar el proyecto arquitect\u00f3nico para este arranque del programa nacional de vivienda.<\/p>\n\n\n\n<p>Las y los senadores rechazaron versiones de que Oaxaca est\u00e9 infiltrado por el crimen o que haya una ola de violencia, al documentar con cifras del Secretariado Ejecutivo del Sistema Nacional de Seguridad P\u00fablica que Oaxaca es el quinto estado con menos delitos por cada 100 mil habitantes y en donde se respeta a activistas y periodistas.<\/p>\n\n\n\n<p>Los legisladores rechazaron que haya nepotismo, porque la designaci\u00f3n de un familiar del gobernador Jara Cruz no la hizo \u00e9l.<\/p>\n\n\n\n<p>Adem\u00e1s, el gobernador ha refrendado su intenci\u00f3n de someterse al ejercicio de revocaci\u00f3n de mandato \u201cy estamos seguros que no est\u00e1 en riesgo su cargo. Tiene el apoyo del pueblo\u201d.<\/p>\n\n\n\n<p>Las y los senadores puntualizaron que la Primavera Oaxaque\u00f1a ha tomado el combate a la corrupci\u00f3n como su principal bandera y la Secretar\u00eda de Honestidad, Transparencia y Funci\u00f3n P\u00fablica, en el ejercicio fiscal 2023, realiz\u00f3 20 auditor\u00edas de la Cuenta P\u00fablica 2022, con un monto fiscalizado mayor a 23 mil millones de pesos y 36 expedientes abiertos por faltas graves.<\/p>\n\n\n\n<p>\u201cEl gobierno de la Primavera Oaxaque\u00f1a hoy sufre los mismos ataques que vivi\u00f3 el licenciado Andr\u00e9s Manuel L\u00f3pez Obrador, porque est\u00e1n transformando y llevando bienestar al pueblo. Tiene todo nuestro apoyo\u201d, asentaron.<\/p>\n\n\n\n<p>En la conferencia estuvieron tambi\u00e9n los senadores morenistas Waldo Fern\u00e1ndez y Simey Olvera, quienes respaldaron la postura de sus compa\u00f1eros de Oaxaca.<\/p>\n","protected":false},"excerpt":{"rendered":"<p>Raymundo Morales\/Zona Roja Cdmx. Ciudad de M\u00e9xico, a 14 de febrero de 2024.- Un grupo&hellip;<\/p>\n","protected":false},"author":2,"featured_media":77507,"comment_status":"closed","ping_status":"open","sticky":false,"template":"","format":"standard","meta":{"_lmt_disableupdate":"","_lmt_disable":"","_jetpack_memberships_contains_paid_content":false,"footnotes":""},"categories":[109,46],"tags":[180],"class_list":["post-77506","post","type-post","status-publish","format-standard","has-post-thumbnail","hentry","category-minuto-a-minuto","category-zona-blanca","tag-antonino-morales-toledo"],"jetpack_featured_media_url":"https:\/\/zonaroja.com.mx\/wp-content\/uploads\/2025\/02\/Conferencia-Antonino-Morales-.jpg","jetpack_sharing_enabled":true,"_links":{"self":[{"href":"https:\/\/zonaroja.com.mx\/index.php?rest_route=\/wp\/v2\/posts\/77506","targetHints":{"allow":["GET"]}}],"collection":[{"href":"https:\/\/zonaroja.com.mx\/index.php?rest_route=\/wp\/v2\/posts"}],"about":[{"href":"https:\/\/zonaroja.com.mx\/index.php?rest_route=\/wp\/v2\/types\/post"}],"author":[{"embeddable":true,"href":"https:\/\/zonaroja.com.mx\/index.php?rest_route=\/wp\/v2\/users\/2"}],"replies":[{"embeddable":true,"href":"https:\/\/zonaroja.com.mx\/index.php?rest_route=%2Fwp%2Fv2%2Fcomments&post=77506"}],"version-history":[{"count":1,"href":"https:\/\/zonaroja.com.mx\/index.php?rest_route=\/wp\/v2\/posts\/77506\/revisions"}],"predecessor-version":[{"id":77508,"href":"https:\/\/zonaroja.com.mx\/index.php?rest_route=\/wp\/v2\/posts\/77506\/revisions\/77508"}],"wp:featuredmedia":[{"embeddable":true,"href":"https:\/\/zonaroja.com.mx\/index.php?rest_route=\/wp\/v2\/media\/77507"}],"wp:attachment":[{"href":"https:\/\/zonaroja.com.mx\/index.php?rest_route=%2Fwp%2Fv2%2Fmedia&parent=77506"}],"wp:term":[{"taxonomy":"category","embeddable":true,"href":"https:\/\/zonaroja.com.mx\/index.php?rest_route=%2Fwp%2Fv2%2Fcategories&post=77506"},{"taxonomy":"post_tag","embeddable":true,"href":"https:\/\/zonaroja.com.mx\/index.php?rest_route=%2Fwp%2Fv2%2Ftags&post=77506"}],"curies":[{"name":"wp","href":"https:\/\/api.w.org\/{rel}","templated":true}]}}