{"id":77509,"date":"2025-02-14T12:16:00","date_gmt":"2025-02-14T18:16:00","guid":{"rendered":"https:\/\/zonaroja.com.mx\/?p=77509"},"modified":"2025-02-14T08:17:15","modified_gmt":"2025-02-14T14:17:15","slug":"denuncian-ante-fgr-corrupcion-en-infonavit-con-alejandro-murat-y-otros","status":"publish","type":"post","link":"https:\/\/zonaroja.com.mx\/?p=77509","title":{"rendered":"Denuncian ante FGR corrupci\u00f3n en Infonavit, con Alejandro Murat y otros"},"content":{"rendered":"\n<p>Redacci\u00f3n\/Zona Roja Cdmx.<\/p>\n\n\n\n<p>Ciudad de M\u00e9xico, a 14 de febrero de 2025.- Los presuntos actos de corrupci\u00f3n en el Infonavit cometidos entre el a\u00f1o 2012 y hasta la fecha, fueron denunciados formalmente ante la Fiscal\u00eda General de la Rep\u00fablica (FGR), informaron integrantes de la bancada del Partido Acci\u00f3n Nacional (PAN) en la C\u00e1mara de Diputados.<\/p>\n\n\n\n<p>La excoordinadora y ahora vicecoordinadora Noem\u00ed Luna, as\u00ed como el coordinador Jos\u00e9 El\u00edas Lixa, indicaron que en la querella se demanda investigar las irregularidades cometidas en la instituci\u00f3n se\u00f1alada.<\/p>\n\n\n\n<p>Se trata de actos como ventas duplicadas de viviendas, construcciones inconclusas, pagos indebidos a servidores p\u00fablicos, cobros por casas no entregadas y contrataci\u00f3n injustificada de despachos privados a los cuales se hicieron pagos millonarios sin justificaci\u00f3n, indicaron.<\/p>\n\n\n\n<p>Todas esas anomal\u00edas fueron autorizadas y permitidas por acci\u00f3n u omisi\u00f3n, en su momento, por servidores p\u00fablicos con responsabilidades en la instituci\u00f3n, por lo que se deben indagar a fondo.<\/p>\n\n\n\n<p>A\u00f1adieron que el \u201catraco\u201d a los trabajadores, con el desv\u00edo de sus ahorros para vivienda, debe terminar en la aplicaci\u00f3n de \u201csanciones ejemplares\u201d a quien resulte responsable.<\/p>\n\n\n\n<p>Hicieron \u00e9nfasis en que los involucrados en las irregularidades en el Instituto, ahora forman parte del partido del Movimiento de Regeneraci\u00f3n Nacional (Morena).<\/p>\n\n\n\n<p>\u201cLas y los @diputadospan a trav\u00e9s de nuestro Coordinador @eLiasLixa hemos presentado una denuncia formal ante la @FGRMexico para exigir una investigaci\u00f3n sobre la corrupci\u00f3n en el @Infonavit. Los trabajadores merecen justicia aunque los presuntos responsables est\u00e9n hoy en Morena\u201d, expres\u00f3 Luna Ayala en su cuenta en la red social X, antes Twitter, @NoemiLuna_Zac.<\/p>\n\n\n\n<p>El coordinador Lixa Abimerhi sentenci\u00f3 que la FGR debe abrir las indagatorias porque la denuncia formal ya se present\u00f3 y como pruebas, incluye referencias a actos que fueron expuestos en la propia conferencia de la Presidenta de la Rep\u00fablica, en Palacio Nacional.<\/p>\n\n\n\n<p>\u201cNo tienen pretexto: ya presentamos la denuncia formal ante la FGR para que se investigue y se castigue a los responsables de corrupci\u00f3n en el Infonavit que fueron mencionados y expuestos en \u201cla ma\u00f1anera\u201d por malas pr\u00e1cticas de 2012 a 2024\u201d, anot\u00f3 en su cuenta en X, @eLiasLixa.<\/p>\n\n\n\n<p>La denuncia \u201cde hechos con apariencia de delitos\u201d con fecha del pasado 1 de febrero de 2025, va dirigida \u201ccontra quienes ocuparon cargos directivos en el Instituto del Fondo Nacional de la Vivienda para los Trabajadores del a\u00f1o 2012 a la fecha\u201d.<\/p>\n\n\n\n<p>Se trata del expri\u00edsta y ahora morenista Alejandro Murat, que ocup\u00f3 el cargo de 2012 a 2015; el pri\u00edsta David Penchyna Grub, que fungi\u00f3 en el puesto de 2015 a 2018; Carlos Mart\u00ednez Vel\u00e1zquez, nombrado por el anterior Presidente de la Rep\u00fablica; y el actual titular, Octavio Romero, tambi\u00e9n allegado al expresidente de M\u00e9xico y que en el gobierno anterior dirigi\u00f3 PEMEX.<\/p>\n\n\n\n<p>Tambi\u00e9n \u201cen contra de quienes resulten responsables por los actos que presuntamente son constitutivos de delitos y se describen en la presente\u201d, incluyendo omisiones, dice el oficio dirigido al fiscal general, Alejandro Gertz.<\/p>\n\n\n\n<p>Recalcaron que los hechos notificados a la FGR tambi\u00e9n fueron expuestos por integrantes del propio Gobierno Federal, que si bien los exhibi\u00f3 en la conferencia de la Presidenta de la Rep\u00fablica, a\u00fan no ha presentado denuncias formales.<\/p>\n\n\n\n<p>Aprovecharon para arremeter contra la reforma al Infonavit que permitir\u00e1 el uso de los ahorros de los trabajadores para construir las viviendas prometidas en la campa\u00f1a electoral de la ahora Jefa del Ejecutivo Federal.<\/p>\n\n\n\n<p>(Informaci\u00f3n de MVS Noticias)<\/p>\n","protected":false},"excerpt":{"rendered":"<p>Redacci\u00f3n\/Zona Roja Cdmx. Ciudad de M\u00e9xico, a 14 de febrero de 2025.- Los presuntos actos&hellip;<\/p>\n","protected":false},"author":2,"featured_media":75686,"comment_status":"closed","ping_status":"open","sticky":false,"template":"","format":"standard","meta":{"_lmt_disableupdate":"","_lmt_disable":"","_jetpack_memberships_contains_paid_content":false,"footnotes":""},"categories":[109,47],"tags":[102],"class_list":["post-77509","post","type-post","status-publish","format-standard","has-post-thumbnail","hentry","category-minuto-a-minuto","category-zona-gris","tag-alejandro-murat"],"jetpack_featured_media_url":"https:\/\/zonaroja.com.mx\/wp-content\/uploads\/2024\/12\/Alejandro-Murat-Infonavit.jpg","jetpack_sharing_enabled":true,"_links":{"self":[{"href":"https:\/\/zonaroja.com.mx\/index.php?rest_route=\/wp\/v2\/posts\/77509","targetHints":{"allow":["GET"]}}],"collection":[{"href":"https:\/\/zonaroja.com.mx\/index.php?rest_route=\/wp\/v2\/posts"}],"about":[{"href":"https:\/\/zonaroja.com.mx\/index.php?rest_route=\/wp\/v2\/types\/post"}],"author":[{"embeddable":true,"href":"https:\/\/zonaroja.com.mx\/index.php?rest_route=\/wp\/v2\/users\/2"}],"replies":[{"embeddable":true,"href":"https:\/\/zonaroja.com.mx\/index.php?rest_route=%2Fwp%2Fv2%2Fcomments&post=77509"}],"version-history":[{"count":1,"href":"https:\/\/zonaroja.com.mx\/index.php?rest_route=\/wp\/v2\/posts\/77509\/revisions"}],"predecessor-version":[{"id":77510,"href":"https:\/\/zonaroja.com.mx\/index.php?rest_route=\/wp\/v2\/posts\/77509\/revisions\/77510"}],"wp:featuredmedia":[{"embeddable":true,"href":"https:\/\/zonaroja.com.mx\/index.php?rest_route=\/wp\/v2\/media\/75686"}],"wp:attachment":[{"href":"https:\/\/zonaroja.com.mx\/index.php?rest_route=%2Fwp%2Fv2%2Fmedia&parent=77509"}],"wp:term":[{"taxonomy":"category","embeddable":true,"href":"https:\/\/zonaroja.com.mx\/index.php?rest_route=%2Fwp%2Fv2%2Fcategories&post=77509"},{"taxonomy":"post_tag","embeddable":true,"href":"https:\/\/zonaroja.com.mx\/index.php?rest_route=%2Fwp%2Fv2%2Ftags&post=77509"}],"curies":[{"name":"wp","href":"https:\/\/api.w.org\/{rel}","templated":true}]}}