{"id":77511,"date":"2025-02-14T13:21:00","date_gmt":"2025-02-14T19:21:00","guid":{"rendered":"https:\/\/zonaroja.com.mx\/?p=77511"},"modified":"2025-02-14T08:22:11","modified_gmt":"2025-02-14T14:22:11","slug":"condenan-cni-y-ezln-asesinato-de-3-miembros-de-la-ucizoni-en-oaxaca","status":"publish","type":"post","link":"https:\/\/zonaroja.com.mx\/?p=77511","title":{"rendered":"Condenan CNI y EZLN asesinato de 3 miembros de la Ucizoni en Oaxaca"},"content":{"rendered":"\n<p>Redacci\u00f3n\/Zona Roja Cdmx.<\/p>\n\n\n\n<p>Ciudad de M\u00e9xico, a 14 de febrero de 2025.- El Congreso Nacional Ind\u00edgena (CNI) y el Ej\u00e9rcito Zapatista de Liberaci\u00f3n Nacional (EZLN), condenaron \u201cla emboscada ocurrida en la zona lim\u00edtrofe entre Santo Domingo Petapa y San Juan Mazatl\u00e1n, Oaxaca, en la que fueron asesinados tres compa\u00f1eros de la Uni\u00f3n de Comunidades Ind\u00edgenas de la Zona Norte del Istmo (Ucizoni)\u201d.<\/p>\n\n\n\n<p>En un comunicado difundido la noche de este jueves, denunciaron que \u201cesta violencia no es un hecho aislado, sino parte de la guerra de exterminio que los malos gobiernos, los caciques y los intereses capitalistas imponen contra nuestros pueblos. Buscan despojarnos de nuestras tierras con terror, persecuci\u00f3n y muerte, al servicio de intereses oscuros\u201d.<\/p>\n\n\n\n<p>Exigieron que se haga \u201cjusticia para nuestros hermanos ca\u00eddos, respeto a la autonom\u00eda de las comunidades ind\u00edgenas y la garant\u00eda de seguridad para la poblaci\u00f3n de El Platanillo\u201d, al tiempo que responsabilizaron \u201ca los gobiernos estatal y federal por su omisi\u00f3n y complicidad en esta escalada de violencia\u201d.<\/p>\n\n\n\n<p>Aseguraron que \u201ctodo aquel que no baja la cabeza y se convierte en siervo de la 4T es perseguido, desplazado, encarcelado y asesinado. Son lo mismo y son los mismos. Frente a sus golpes: \u00a1resistencia y rebeld\u00eda! en defensa de la madre tierra y sus guardianes\u201d.<\/p>\n\n\n\n<p>El CNI y el EZLN expresaron su solidaridad \u201ccon Ucizoni y con todas las comunidades ind\u00edgenas que, a pesar de la represi\u00f3n, siguen en pie de lucha, defendiendo la vida y la dignidad\u201d.<\/p>\n\n\n\n<p>Demandaron un \u201calto a la guerra contra los pueblos ind\u00edgenas, al despojo y a la represi\u00f3n\u201d.<\/p>\n\n\n\n<p>(Informaci\u00f3n de \u201cLa Jornada\u201d)<\/p>\n","protected":false},"excerpt":{"rendered":"<p>Redacci\u00f3n\/Zona Roja Cdmx. Ciudad de M\u00e9xico, a 14 de febrero de 2025.- El Congreso Nacional&hellip;<\/p>\n","protected":false},"author":2,"featured_media":77512,"comment_status":"closed","ping_status":"open","sticky":false,"template":"","format":"standard","meta":{"_lmt_disableupdate":"","_lmt_disable":"","_jetpack_memberships_contains_paid_content":false,"footnotes":""},"categories":[109,47],"tags":[],"class_list":["post-77511","post","type-post","status-publish","format-standard","has-post-thumbnail","hentry","category-minuto-a-minuto","category-zona-gris"],"jetpack_featured_media_url":"https:\/\/zonaroja.com.mx\/wp-content\/uploads\/2025\/02\/condenan-cni-y-ezln-asesinato-de-3-miembros-de-la-ucizoni-5922html-altopng-7032html-ee8db38a-3df8-424a-bb49-6880c4140813.pngljnimgndimagefullsize.webp","jetpack_sharing_enabled":true,"_links":{"self":[{"href":"https:\/\/zonaroja.com.mx\/index.php?rest_route=\/wp\/v2\/posts\/77511","targetHints":{"allow":["GET"]}}],"collection":[{"href":"https:\/\/zonaroja.com.mx\/index.php?rest_route=\/wp\/v2\/posts"}],"about":[{"href":"https:\/\/zonaroja.com.mx\/index.php?rest_route=\/wp\/v2\/types\/post"}],"author":[{"embeddable":true,"href":"https:\/\/zonaroja.com.mx\/index.php?rest_route=\/wp\/v2\/users\/2"}],"replies":[{"embeddable":true,"href":"https:\/\/zonaroja.com.mx\/index.php?rest_route=%2Fwp%2Fv2%2Fcomments&post=77511"}],"version-history":[{"count":1,"href":"https:\/\/zonaroja.com.mx\/index.php?rest_route=\/wp\/v2\/posts\/77511\/revisions"}],"predecessor-version":[{"id":77513,"href":"https:\/\/zonaroja.com.mx\/index.php?rest_route=\/wp\/v2\/posts\/77511\/revisions\/77513"}],"wp:featuredmedia":[{"embeddable":true,"href":"https:\/\/zonaroja.com.mx\/index.php?rest_route=\/wp\/v2\/media\/77512"}],"wp:attachment":[{"href":"https:\/\/zonaroja.com.mx\/index.php?rest_route=%2Fwp%2Fv2%2Fmedia&parent=77511"}],"wp:term":[{"taxonomy":"category","embeddable":true,"href":"https:\/\/zonaroja.com.mx\/index.php?rest_route=%2Fwp%2Fv2%2Fcategories&post=77511"},{"taxonomy":"post_tag","embeddable":true,"href":"https:\/\/zonaroja.com.mx\/index.php?rest_route=%2Fwp%2Fv2%2Ftags&post=77511"}],"curies":[{"name":"wp","href":"https:\/\/api.w.org\/{rel}","templated":true}]}}