{"id":7752,"date":"2020-01-16T21:41:19","date_gmt":"2020-01-17T03:41:19","guid":{"rendered":"http:\/\/www.zonaroja.com.mx\/?p=7752"},"modified":"2020-01-16T21:41:29","modified_gmt":"2020-01-17T03:41:29","slug":"defensa-de-los-menores-y-castigo-a-sus-agresores-merece-mayor-atencion","status":"publish","type":"post","link":"https:\/\/zonaroja.com.mx\/?p=7752","title":{"rendered":"Defensa de los menores y castigo a sus agresores, merece mayor atenci\u00f3n"},"content":{"rendered":"\n<p>Yuridiana\nSosa<\/p>\n\n\n\n<p>Oaxaca de\nJu\u00e1rez, Oax., 16 de enero de 2020.- Como forma de contribuir a la erradicaci\u00f3n\nde la violencia contra la ni\u00f1ez oaxaque\u00f1a, el Gobierno del Estado debe aplicar\nla m\u00e1xima difusi\u00f3n de la reforma al Art\u00edculo 281 del C\u00f3digo Penal de Oaxaca,\nque establece las penas contra quienes agredan a un menor de edad en la\nentidad, propuso la diputada del Partido Morena, Magaly L\u00f3pez Dom\u00ednguez ante el\npleno del Congreso local.<\/p>\n\n\n\n<p>Por ello, propuso\nrealizar un exhorto al gobernador Alejandro Murat Hinojosa, para que mediante\nlos medios p\u00fablicos del Estado, de los mecanismos y recursos de comunicaci\u00f3n\nsocial y medios comerciales con los que establece convenios publicitarios, la\nsociedad conozca m\u00e1s sobre las sanciones penales a los trasgresores de los\nni\u00f1os, ni\u00f1as y adolescentes.<\/p>\n\n\n\n<p>En tribuna, L\u00f3pez\nDom\u00ednguez detall\u00f3 que si la ciudadan\u00eda tiene mayor conocimiento de las\nconsecuencias que implica la violencia a los menores por parte de quienes\nejercen su tutela o lo tienen bajo su guarda, los casos podr\u00edan disminuir.<\/p>\n\n\n\n<p>Record\u00f3 que\ndesde agosto de 2010 entr\u00f3 vigor la reforma al que aumenta hasta en cinco a\u00f1os\nlas penas a quien maltrate a un menor, por cualquier motivo, estando en\nejercicio de su tutela o encargado de su guarda.<\/p>\n\n\n\n<p>Esta pena es\nadicional a la que corresponda por las lesiones que infiera, adem\u00e1s, se incluy\u00f3\nla suspensi\u00f3n de la patria potestad, la tutela o la guarda del menor.<\/p>\n\n\n\n<p>Antes la\npena adicional era de tres a\u00f1os y no se preve\u00eda la suspensi\u00f3n de los poderes\nsobre la persona menor, que entonces quedaba desprotegida ante el agresor.<\/p>\n\n\n\n<p>La propuesta\nfue enviada a comisiones para su an\u00e1lisis y posteriormente emitir el llamado al\nmandatario estatal.<\/p>\n","protected":false},"excerpt":{"rendered":"<p>Yuridiana Sosa Oaxaca de Ju\u00e1rez, Oax., 16 de enero de 2020.- Como forma de contribuir&hellip;<\/p>\n","protected":false},"author":2,"featured_media":7753,"comment_status":"closed","ping_status":"open","sticky":false,"template":"","format":"standard","meta":{"_lmt_disableupdate":"","_lmt_disable":"","_jetpack_memberships_contains_paid_content":false,"footnotes":""},"categories":[109,46],"tags":[192],"class_list":["post-7752","post","type-post","status-publish","format-standard","has-post-thumbnail","hentry","category-minuto-a-minuto","category-zona-blanca","tag-diputada-magaly-lopez-dominguez"],"jetpack_featured_media_url":"https:\/\/zonaroja.com.mx\/wp-content\/uploads\/2020\/01\/Image-1-57.png","jetpack_sharing_enabled":true,"_links":{"self":[{"href":"https:\/\/zonaroja.com.mx\/index.php?rest_route=\/wp\/v2\/posts\/7752","targetHints":{"allow":["GET"]}}],"collection":[{"href":"https:\/\/zonaroja.com.mx\/index.php?rest_route=\/wp\/v2\/posts"}],"about":[{"href":"https:\/\/zonaroja.com.mx\/index.php?rest_route=\/wp\/v2\/types\/post"}],"author":[{"embeddable":true,"href":"https:\/\/zonaroja.com.mx\/index.php?rest_route=\/wp\/v2\/users\/2"}],"replies":[{"embeddable":true,"href":"https:\/\/zonaroja.com.mx\/index.php?rest_route=%2Fwp%2Fv2%2Fcomments&post=7752"}],"version-history":[{"count":1,"href":"https:\/\/zonaroja.com.mx\/index.php?rest_route=\/wp\/v2\/posts\/7752\/revisions"}],"predecessor-version":[{"id":7754,"href":"https:\/\/zonaroja.com.mx\/index.php?rest_route=\/wp\/v2\/posts\/7752\/revisions\/7754"}],"wp:featuredmedia":[{"embeddable":true,"href":"https:\/\/zonaroja.com.mx\/index.php?rest_route=\/wp\/v2\/media\/7753"}],"wp:attachment":[{"href":"https:\/\/zonaroja.com.mx\/index.php?rest_route=%2Fwp%2Fv2%2Fmedia&parent=7752"}],"wp:term":[{"taxonomy":"category","embeddable":true,"href":"https:\/\/zonaroja.com.mx\/index.php?rest_route=%2Fwp%2Fv2%2Fcategories&post=7752"},{"taxonomy":"post_tag","embeddable":true,"href":"https:\/\/zonaroja.com.mx\/index.php?rest_route=%2Fwp%2Fv2%2Ftags&post=7752"}],"curies":[{"name":"wp","href":"https:\/\/api.w.org\/{rel}","templated":true}]}}