{"id":77527,"date":"2025-02-15T07:45:00","date_gmt":"2025-02-15T13:45:00","guid":{"rendered":"https:\/\/zonaroja.com.mx\/?p=77527"},"modified":"2025-02-15T06:55:04","modified_gmt":"2025-02-15T12:55:04","slug":"detienen-a-autoridades-de-chiapas-tras-muerte-de-tres-menores-envenenados","status":"publish","type":"post","link":"https:\/\/zonaroja.com.mx\/?p=77527","title":{"rendered":"Detienen a autoridades de Chiapas, tras muerte de tres menores envenenados"},"content":{"rendered":"\n<p>Redacci\u00f3n\/Zona Roja Cdmx.<\/p>\n\n\n\n<p>Ciudad de M\u00e9xico, a 15 de febrero de 2025.- En Chiapas, ya hay dos detenidos por la muerte de tres menores, dos ni\u00f1os y una ni\u00f1a, quienes presuntamente comieron pan envenenado que encontraron en la calle en la comunidad de San Cayetano, municipio de El Bosque.<\/p>\n\n\n\n<p>Seg\u00fan la Fiscal\u00eda del Estado de Chiapas se trata de dos autoridades comunales de San Cayetano que, al parecer, ordenaron dejar pan con veneno en las calles para matar perros callejeros, practica que se realiza en esta comunidad desde hace algunos meses.<\/p>\n\n\n\n<p>As\u00ed lo dio a conocer Jorge Luis Llaven Abarca, fiscal general de Chiapas, al destacar que indagan si fueron ellos quienes acordaron poner veneno \u201cpara matar animales y que eso provoc\u00f3 que los menores de edad tuvieran la ingesta de estas sustancias\u201d.<\/p>\n\n\n\n<p>El fiscal Jorge Luis Llaven Abarca, revel\u00f3 que tras la necropsia de ley se confirm\u00f3 que los menores murieron por envenenamiento.<\/p>\n\n\n\n<p>Seg\u00fan las investigaciones los menores hab\u00edan salido a comprar dulces, pero no regresaron; sus pap\u00e1s los encontraron inconscientes frente a la tienda, donde dos de ellos murieron en el lugar y la menor de dos a\u00f1os falleci\u00f3 m\u00e1s tarde en el hospital.<\/p>\n\n\n\n<p>La Comisi\u00f3n Estatal de Derechos Humanos emiti\u00f3 por oficio, una queja a las autoridades del Estado para esclarecer a fondo los hechos.&nbsp;<\/p>\n\n\n\n<p>Los menores fallecidos eran originarios de Chenalh\u00f3, un municipio de la etnia tzotzil y estaban de visita en la comunidad de San Cayetano con sus padres. Este viernes fueron sepultados en su comunidad con base en usos y costumbres.<\/p>\n\n\n\n<p>(Informaci\u00f3n de N+ Noticias)<\/p>\n","protected":false},"excerpt":{"rendered":"<p>Redacci\u00f3n\/Zona Roja Cdmx. Ciudad de M\u00e9xico, a 15 de febrero de 2025.- En Chiapas, ya&hellip;<\/p>\n","protected":false},"author":2,"featured_media":77528,"comment_status":"closed","ping_status":"open","sticky":false,"template":"","format":"standard","meta":{"_lmt_disableupdate":"","_lmt_disable":"","_jetpack_memberships_contains_paid_content":false,"footnotes":""},"categories":[109,47],"tags":[3512],"class_list":["post-77527","post","type-post","status-publish","format-standard","has-post-thumbnail","hentry","category-minuto-a-minuto","category-zona-gris","tag-violencia-chiapas"],"jetpack_featured_media_url":"https:\/\/zonaroja.com.mx\/wp-content\/uploads\/2025\/02\/Menores-envenenados-Chiapaas.jpg","jetpack_sharing_enabled":true,"_links":{"self":[{"href":"https:\/\/zonaroja.com.mx\/index.php?rest_route=\/wp\/v2\/posts\/77527","targetHints":{"allow":["GET"]}}],"collection":[{"href":"https:\/\/zonaroja.com.mx\/index.php?rest_route=\/wp\/v2\/posts"}],"about":[{"href":"https:\/\/zonaroja.com.mx\/index.php?rest_route=\/wp\/v2\/types\/post"}],"author":[{"embeddable":true,"href":"https:\/\/zonaroja.com.mx\/index.php?rest_route=\/wp\/v2\/users\/2"}],"replies":[{"embeddable":true,"href":"https:\/\/zonaroja.com.mx\/index.php?rest_route=%2Fwp%2Fv2%2Fcomments&post=77527"}],"version-history":[{"count":1,"href":"https:\/\/zonaroja.com.mx\/index.php?rest_route=\/wp\/v2\/posts\/77527\/revisions"}],"predecessor-version":[{"id":77529,"href":"https:\/\/zonaroja.com.mx\/index.php?rest_route=\/wp\/v2\/posts\/77527\/revisions\/77529"}],"wp:featuredmedia":[{"embeddable":true,"href":"https:\/\/zonaroja.com.mx\/index.php?rest_route=\/wp\/v2\/media\/77528"}],"wp:attachment":[{"href":"https:\/\/zonaroja.com.mx\/index.php?rest_route=%2Fwp%2Fv2%2Fmedia&parent=77527"}],"wp:term":[{"taxonomy":"category","embeddable":true,"href":"https:\/\/zonaroja.com.mx\/index.php?rest_route=%2Fwp%2Fv2%2Fcategories&post=77527"},{"taxonomy":"post_tag","embeddable":true,"href":"https:\/\/zonaroja.com.mx\/index.php?rest_route=%2Fwp%2Fv2%2Ftags&post=77527"}],"curies":[{"name":"wp","href":"https:\/\/api.w.org\/{rel}","templated":true}]}}