{"id":77530,"date":"2025-02-15T08:45:00","date_gmt":"2025-02-15T14:45:00","guid":{"rendered":"https:\/\/zonaroja.com.mx\/?p=77530"},"modified":"2025-02-15T07:06:47","modified_gmt":"2025-02-15T13:06:47","slug":"comunidad-sitiada-de-oaxaca-no-puede-recuperar-cuerpos-de-3-emboscados","status":"publish","type":"post","link":"https:\/\/zonaroja.com.mx\/?p=77530","title":{"rendered":"Comunidad sitiada de Oaxaca no puede recuperar cuerpos de 3 emboscados"},"content":{"rendered":"\n<p>Ismael Garc\u00eda M.\/Zona Roja.<\/p>\n\n\n\n<p>Oaxaca de Ju\u00e1rez, Oax., a 15 de febrero de 2025.- Familiares de las tres personas asesinadas en Santo Domingo Petapa, Oaxaca, denunciaron que no han podido recuperar los cuerpos debido a que la comunidad de San Isidro Platanillo se encuentra sitiada.<\/p>\n\n\n\n<p>Celia Francisco, esposa de&nbsp; Wilfrido Atanacio; Elsa Crisanto Luis, esposa de Victoriano Quirino Jim\u00e9nez, y Alicia Jim\u00e9nez Pedro, esposa de Abraham Quirino, con el apoyo de Maurilio Santiago Reyes, del Centro de Derechos Humanos y Asesor\u00eda a Pueblos Ind\u00edgenas A.C., demandaron la intervenci\u00f3n urgente de las autoridades estatales y organismos de derechos humanos.<\/p>\n\n\n\n<p>Fue el pasado jueves 13 de febrero en que las v\u00edctimas fueron emboscadas en el la comunidad Zapote Santo de Petapa, que mantiene un conflicto agrario con sus vecinos de San Juan Mazatl\u00e1n Mixe.<\/p>\n\n\n\n<p>Los se\u00f1ores Wilfrido Atanacio Crist\u00f3bal, de 64 a\u00f1os de edad; Victoriano Quirino Jim\u00e9nez, de 37 a\u00f1os, y Abraham Quirino, de 84 a\u00f1os, circulaban a bordo de una camioneta marca Nissan, tipo Frontier color gris, modelo 2022 a la altura de la comunidad del Zapote, Santo Domingo Petapa, donde se encuentra un ret\u00e9n de autoridades municipales de Santo Domingo Petapa, cuando fueron emboscados y asesinados por un grupo armado.<\/p>\n\n\n\n<p>Actualmente habitantes de la comunidad de San Isidro Platanillo, municipio de Santo Domingo Petapa, en la regi\u00f3n del Istmo, se encuentran rodeados por un grupo armado sin poder salir de su comunidad, ya que los tienen acorralados, denunciaron.<\/p>\n\n\n\n<p>Expusieron adem\u00e1s que los cuerpos de los tres asesinados fueron levantados por el S\u00edndico Municipal de Santo Domingo Petapa, \u201calterando el lugar y todas las evidencias las cuales podr\u00edan dar con el paradero de las personas que fueron responsables de estos asesinatos.<\/p>\n\n\n\n<p>Los cuerpos fueron trasladados a la Agencia del Ministerio P\u00fablico del municipio de Mat\u00edas Romero para la necropsia de ley, pero los familiares no pueden salir de su comunidad, San Isidro Platanillo, debido al asedio y sitio en que permanece,<\/p>\n\n\n\n<p>Por lo cual solicitan que se les puedan entregar los cuerpos y ademas se investigue y sancione a los responsables de esta ejecuci\u00f3n extrajudicial en el cual est\u00e1n implicadas autoridades municipales de Santo Domingo Petapa.<\/p>\n","protected":false},"excerpt":{"rendered":"<p>Ismael Garc\u00eda M.\/Zona Roja. Oaxaca de Ju\u00e1rez, Oax., a 15 de febrero de 2025.- Familiares&hellip;<\/p>\n","protected":false},"author":2,"featured_media":77531,"comment_status":"closed","ping_status":"open","sticky":false,"template":"","format":"standard","meta":{"_lmt_disableupdate":"","_lmt_disable":"","_jetpack_memberships_contains_paid_content":false,"footnotes":""},"categories":[109,47],"tags":[4220,1745],"class_list":["post-77530","post","type-post","status-publish","format-standard","has-post-thumbnail","hentry","category-minuto-a-minuto","category-zona-gris","tag-san-isidro-platanillo","tag-santo-domingo-petapa"],"jetpack_featured_media_url":"https:\/\/zonaroja.com.mx\/wp-content\/uploads\/2025\/02\/San-Isidro-Platanillo.jpeg","jetpack_sharing_enabled":true,"_links":{"self":[{"href":"https:\/\/zonaroja.com.mx\/index.php?rest_route=\/wp\/v2\/posts\/77530","targetHints":{"allow":["GET"]}}],"collection":[{"href":"https:\/\/zonaroja.com.mx\/index.php?rest_route=\/wp\/v2\/posts"}],"about":[{"href":"https:\/\/zonaroja.com.mx\/index.php?rest_route=\/wp\/v2\/types\/post"}],"author":[{"embeddable":true,"href":"https:\/\/zonaroja.com.mx\/index.php?rest_route=\/wp\/v2\/users\/2"}],"replies":[{"embeddable":true,"href":"https:\/\/zonaroja.com.mx\/index.php?rest_route=%2Fwp%2Fv2%2Fcomments&post=77530"}],"version-history":[{"count":1,"href":"https:\/\/zonaroja.com.mx\/index.php?rest_route=\/wp\/v2\/posts\/77530\/revisions"}],"predecessor-version":[{"id":77532,"href":"https:\/\/zonaroja.com.mx\/index.php?rest_route=\/wp\/v2\/posts\/77530\/revisions\/77532"}],"wp:featuredmedia":[{"embeddable":true,"href":"https:\/\/zonaroja.com.mx\/index.php?rest_route=\/wp\/v2\/media\/77531"}],"wp:attachment":[{"href":"https:\/\/zonaroja.com.mx\/index.php?rest_route=%2Fwp%2Fv2%2Fmedia&parent=77530"}],"wp:term":[{"taxonomy":"category","embeddable":true,"href":"https:\/\/zonaroja.com.mx\/index.php?rest_route=%2Fwp%2Fv2%2Fcategories&post=77530"},{"taxonomy":"post_tag","embeddable":true,"href":"https:\/\/zonaroja.com.mx\/index.php?rest_route=%2Fwp%2Fv2%2Ftags&post=77530"}],"curies":[{"name":"wp","href":"https:\/\/api.w.org\/{rel}","templated":true}]}}