{"id":77533,"date":"2025-02-15T09:30:00","date_gmt":"2025-02-15T15:30:00","guid":{"rendered":"https:\/\/zonaroja.com.mx\/?p=77533"},"modified":"2025-02-15T10:21:49","modified_gmt":"2025-02-15T16:21:49","slug":"diputados-de-morena-y-de-partidos-aliados-respaldan-al-gobierno-de-oaxaca","status":"publish","type":"post","link":"https:\/\/zonaroja.com.mx\/?p=77533","title":{"rendered":"Diputados de Morena y de partidos aliados respaldan al gobierno de Oaxaca"},"content":{"rendered":"\n<p>Raymundo Morales\/Zona Roja.<\/p>\n\n\n\n<p>Oaxaca de Ju\u00e1rez, Oax., a 15 de febrero de 2025.- En conferencia de prensa, diputados locales de Morena, Verde Ecologista, Fuerza por M\u00e9xico y Grupo Plural respaldaron a las autoridades estatales de Oaxaca, ante lo que consideraron ataques infundados y \u201cguerra sucia\u201d por parte de algunos actores pol\u00edticos.<\/p>\n\n\n\n<p>Informaron que, a diferencia del pasado, el gobierno actual es de territorio, cercano a la gente y que trabaja todos los d\u00edas desde abajo para saldar la deuda hist\u00f3rica que los gobiernos corruptos y neoliberales dejaron.<\/p>\n\n\n\n<p>Destacaron que entre quienes han hecho se\u00f1alamientos infundados se encuentran el ex legislador por el PT, Benjam\u00edn Robles Montoya, y la diputada federal Margarita Garc\u00eda; asimismo, el ex mandatario Jos\u00e9 Murat y su hijo Alejandro Murat, ex priista y actual senador por Morena.<\/p>\n\n\n\n<p>En su mensaje, el presidente de la Junta de Coordinaci\u00f3n Pol\u00edtica (Jucopo), Benjam\u00edn Viveros Montalvo, sostuvo que cuando inici\u00f3 este gobierno se encontraba sumergido en el desamparo, producto del saqueo y cacicazgos de grupos pol\u00edticos y econ\u00f3micos que se cre\u00edan due\u00f1os de Oaxaca, y que solo lo dejaron en los \u00faltimos lugares en materia educativa y salud. &nbsp;<\/p>\n\n\n\n<p>Y ante la \u201cguerra sucia\u201d orquestada recientemente por detractores al proyecto de la 4T, enfatiz\u00f3 que a poco m\u00e1s de 24 meses de esta administraci\u00f3n se ha trabajado incansablemente para impulsar la transformaci\u00f3n de Oaxaca, logrando avances en beneficio de las familias.&nbsp;<\/p>\n\n\n\n<p>\u201cTenemos un gobierno cercano al pueblo que camina, que escucha, estamos siendo testigos de obras de infraestructura, caminos, aulas, hospitales, inversiones grandes que han colocado a Oaxaca en un momento clave en la historia de M\u00e9xico\u201d, sostuvo.&nbsp;<\/p>\n\n\n\n<p>Por lo anterior consider\u00f3 importante no distraer la atenci\u00f3n en lo que verdaderamente importa, que es el bienestar colectivo, el desarrollo econ\u00f3mico y la paz social.&nbsp;<\/p>\n\n\n\n<figure class=\"wp-block-embed is-type-rich is-provider-twitter wp-block-embed-twitter\"><div class=\"wp-block-embed__wrapper\">\n<div class=\"twitter-tweet\"><blockquote class=\"twitter-tweet\" data-lang=\"es\"><p lang=\"es\" dir=\"ltr\">Legisladores locales de Morena, encabezados por su coordinador <a href=\"https:\/\/twitter.com\/BenjaViverosOax?ref_src=twsrc%5Etfw\">@BenjaViverosOax<\/a>, as\u00ed como de partidos aliados, reiteraron hoy su respaldo a las pol\u00edticas y acciones de la Presidenta <a href=\"https:\/\/twitter.com\/Claudiashein?ref_src=twsrc%5Etfw\">@Claudiashein<\/a> y del gobernador <a href=\"https:\/\/twitter.com\/salomonj?ref_src=twsrc%5Etfw\">@salomonj<\/a>.  <br><br>Reprocharon actitudes de personas como Benjam\u00edn\u2026 <a href=\"https:\/\/t.co\/eKBPrGxgn1\">pic.twitter.com\/eKBPrGxgn1<\/a><\/p>&mdash; Zona Roja Oaxaca (@ZonaRoja_Oaxaca) <a href=\"https:\/\/twitter.com\/ZonaRoja_Oaxaca\/status\/1890606470208610599?ref_src=twsrc%5Etfw\">15 de febrero de 2025<\/a><\/blockquote><\/div>\n<\/div><\/figure>\n\n\n\n<p>COMPROMISO CLARO<\/p>\n\n\n\n<p>A su vez, la presidenta de la Mesa Directiva, Antonia Natividad D\u00edaz Jim\u00e9nez, consider\u00f3 que la administraci\u00f3n del gobernador Salom\u00f3n Jara Cruz ha demostrado un compromiso claro por la inclusi\u00f3n, la equidad y el respeto a los derechos humanos, una visi\u00f3n de un Oaxaca donde todos y todas tengan acceso a las mismas oportunidades y servicios dignos, lo cual es un ejemplo a seguir.<\/p>\n\n\n\n<p>Por su parte, la legisladora que encabeza el Grupo Parlamentario del Partido Verde Ecologista de M\u00e9xico (PVEM), Elvia Gabriela P\u00e9rez L\u00f3pez, fue contundente al decir que, con resultados, trabajando duro en direcci\u00f3n al progreso, recorriendo las comunidades e impulsando una agenda social que prioriza a los sectores m\u00e1s marginados, este gobierno est\u00e1 haciendo historia.&nbsp;<\/p>\n\n\n\n<p>La representante popular de Fuerza por Oaxaca, M\u00f3nica Bel\u00e9n L\u00f3pez Javier, rechaz\u00f3 las difamaciones y la falsa realidad orquestada mediante una campa\u00f1a de desinformaci\u00f3n de quienes tuvieron la oportunidad en su momento de demostrar su amor por Oaxaca y no lo hicieron, pero que hoy pretenden con mentiras desestabilizar a la sociedad.<\/p>\n\n\n\n<p>Al intervenir, la congresista Tania Caballero Navarro, quien preside la Comisi\u00f3n Permanente de Estudios Constitucionales, se manifest\u00f3 en contra de las aseveraciones hechas por algunos personajes en torno a la propuesta de la creaci\u00f3n de una nueva Constituci\u00f3n Pol\u00edtica para el Estado de Oaxaca.<\/p>\n\n\n\n<p>Destac\u00f3 que la propuesta se est\u00e1 integrando con las voces de todos los sectores de la sociedad y que incluso hay una comisi\u00f3n encargada de trabajar en una nueva Carta Magna, que recoger\u00e1 las inquietudes y las necesidades actuales, adem\u00e1s de poner en el centro de atenci\u00f3n a los pueblos ind\u00edgenas y comunidades afromexicanas, para dar\u00e1n origen a la primera Constituci\u00f3n Pluricultural e Interseccional.&nbsp;<\/p>\n\n\n\n<p>\u201cNo va a ser una Constituci\u00f3n aislada de la sociedad, el expresidente de M\u00e9xico siempre nos dijo que no se deber\u00eda trabajar desde la comunidad de un escritorio, sino con la ciudadan\u00eda, en las comunidades\u201d, precis\u00f3.&nbsp;<\/p>\n","protected":false},"excerpt":{"rendered":"<p>Raymundo Morales\/Zona Roja. Oaxaca de Ju\u00e1rez, Oax., a 15 de febrero de 2025.- En conferencia&hellip;<\/p>\n","protected":false},"author":2,"featured_media":77534,"comment_status":"closed","ping_status":"open","sticky":false,"template":"","format":"standard","meta":{"_lmt_disableupdate":"","_lmt_disable":"","_jetpack_memberships_contains_paid_content":false,"footnotes":""},"categories":[109,46],"tags":[303],"class_list":["post-77533","post","type-post","status-publish","format-standard","has-post-thumbnail","hentry","category-minuto-a-minuto","category-zona-blanca","tag-congreso-del-estado-de-oaxaca"],"jetpack_featured_media_url":"https:\/\/zonaroja.com.mx\/wp-content\/uploads\/2025\/02\/Conferencia-diputado-Oaxaca.jpg","jetpack_sharing_enabled":true,"_links":{"self":[{"href":"https:\/\/zonaroja.com.mx\/index.php?rest_route=\/wp\/v2\/posts\/77533","targetHints":{"allow":["GET"]}}],"collection":[{"href":"https:\/\/zonaroja.com.mx\/index.php?rest_route=\/wp\/v2\/posts"}],"about":[{"href":"https:\/\/zonaroja.com.mx\/index.php?rest_route=\/wp\/v2\/types\/post"}],"author":[{"embeddable":true,"href":"https:\/\/zonaroja.com.mx\/index.php?rest_route=\/wp\/v2\/users\/2"}],"replies":[{"embeddable":true,"href":"https:\/\/zonaroja.com.mx\/index.php?rest_route=%2Fwp%2Fv2%2Fcomments&post=77533"}],"version-history":[{"count":2,"href":"https:\/\/zonaroja.com.mx\/index.php?rest_route=\/wp\/v2\/posts\/77533\/revisions"}],"predecessor-version":[{"id":77553,"href":"https:\/\/zonaroja.com.mx\/index.php?rest_route=\/wp\/v2\/posts\/77533\/revisions\/77553"}],"wp:featuredmedia":[{"embeddable":true,"href":"https:\/\/zonaroja.com.mx\/index.php?rest_route=\/wp\/v2\/media\/77534"}],"wp:attachment":[{"href":"https:\/\/zonaroja.com.mx\/index.php?rest_route=%2Fwp%2Fv2%2Fmedia&parent=77533"}],"wp:term":[{"taxonomy":"category","embeddable":true,"href":"https:\/\/zonaroja.com.mx\/index.php?rest_route=%2Fwp%2Fv2%2Fcategories&post=77533"},{"taxonomy":"post_tag","embeddable":true,"href":"https:\/\/zonaroja.com.mx\/index.php?rest_route=%2Fwp%2Fv2%2Ftags&post=77533"}],"curies":[{"name":"wp","href":"https:\/\/api.w.org\/{rel}","templated":true}]}}