{"id":77536,"date":"2025-02-15T10:24:00","date_gmt":"2025-02-15T16:24:00","guid":{"rendered":"https:\/\/zonaroja.com.mx\/?p=77536"},"modified":"2025-02-15T07:39:12","modified_gmt":"2025-02-15T13:39:12","slug":"indagan-asesinato-de-un-individuo-en-santiago-jamiltepec","status":"publish","type":"post","link":"https:\/\/zonaroja.com.mx\/?p=77536","title":{"rendered":"Indagan asesinato de un individuo en Santiago Jamiltepec"},"content":{"rendered":"\n<p>Raymundo Morales\/Zona Roja.<\/p>\n\n\n\n<p>Oaxaca de Ju\u00e1rez, Oax., a 15 de febrero de 2025.- Autoridades de la Vicefiscal\u00eda Regional de la Costa indagan un homicidio perpetrado en el D\u00eda del Amor y la Amistad en el municipio de Santiago Jamiltepec.<\/p>\n\n\n\n<p>Fue la ma\u00f1ana de ayer en que localizaron un cuerpo sin vida, con varios impactos de arma de fuego, en un domicilio de la poblaci\u00f3n Patria Nueva.<\/p>\n\n\n\n<p>Sus familiares lo identificaron como Luis F. A. R., de aproximadamente 27 a\u00f1os de edad y a\u00fan se desconoce el m\u00f3vil del crimen como la identidad del o los agresores.<\/p>\n\n\n\n<p>Seg\u00fan los primeros testimonios, el hombre originario de la localidad Emiliano Zapata se encontraba en su casa cuando arribaron sujetos armados que lo acribillaron, tras lo cual huyeron.<\/p>\n\n\n\n<p>La corporaci\u00f3n policiaca municipal arrib\u00f3 al lugar pero solamente para resguardar la escena del crimen.<\/p>\n\n\n\n<p>Personal de la Vicefiscal\u00eda Regional del Istmo, dependiente de la Fiscal\u00eda General del Estado de Oaxaca, abri\u00f3 la carpeta de investigaci\u00f3n correspondiente y contin\u00faa las labores para lograr esclarecer el caso.<\/p>\n","protected":false},"excerpt":{"rendered":"<p>Raymundo Morales\/Zona Roja. Oaxaca de Ju\u00e1rez, Oax., a 15 de febrero de 2025.- Autoridades de&hellip;<\/p>\n","protected":false},"author":2,"featured_media":73641,"comment_status":"closed","ping_status":"open","sticky":false,"template":"","format":"standard","meta":{"_lmt_disableupdate":"","_lmt_disable":"","_jetpack_memberships_contains_paid_content":false,"footnotes":""},"categories":[109,51],"tags":[797],"class_list":["post-77536","post","type-post","status-publish","format-standard","has-post-thumbnail","hentry","category-minuto-a-minuto","category-zona-roja","tag-santiago-jamiltepec"],"jetpack_featured_media_url":"https:\/\/zonaroja.com.mx\/wp-content\/uploads\/2024\/10\/Escena-balazos-balas-policiaca.jpg","jetpack_sharing_enabled":true,"_links":{"self":[{"href":"https:\/\/zonaroja.com.mx\/index.php?rest_route=\/wp\/v2\/posts\/77536","targetHints":{"allow":["GET"]}}],"collection":[{"href":"https:\/\/zonaroja.com.mx\/index.php?rest_route=\/wp\/v2\/posts"}],"about":[{"href":"https:\/\/zonaroja.com.mx\/index.php?rest_route=\/wp\/v2\/types\/post"}],"author":[{"embeddable":true,"href":"https:\/\/zonaroja.com.mx\/index.php?rest_route=\/wp\/v2\/users\/2"}],"replies":[{"embeddable":true,"href":"https:\/\/zonaroja.com.mx\/index.php?rest_route=%2Fwp%2Fv2%2Fcomments&post=77536"}],"version-history":[{"count":1,"href":"https:\/\/zonaroja.com.mx\/index.php?rest_route=\/wp\/v2\/posts\/77536\/revisions"}],"predecessor-version":[{"id":77537,"href":"https:\/\/zonaroja.com.mx\/index.php?rest_route=\/wp\/v2\/posts\/77536\/revisions\/77537"}],"wp:featuredmedia":[{"embeddable":true,"href":"https:\/\/zonaroja.com.mx\/index.php?rest_route=\/wp\/v2\/media\/73641"}],"wp:attachment":[{"href":"https:\/\/zonaroja.com.mx\/index.php?rest_route=%2Fwp%2Fv2%2Fmedia&parent=77536"}],"wp:term":[{"taxonomy":"category","embeddable":true,"href":"https:\/\/zonaroja.com.mx\/index.php?rest_route=%2Fwp%2Fv2%2Fcategories&post=77536"},{"taxonomy":"post_tag","embeddable":true,"href":"https:\/\/zonaroja.com.mx\/index.php?rest_route=%2Fwp%2Fv2%2Ftags&post=77536"}],"curies":[{"name":"wp","href":"https:\/\/api.w.org\/{rel}","templated":true}]}}