{"id":77538,"date":"2025-02-15T11:39:00","date_gmt":"2025-02-15T17:39:00","guid":{"rendered":"https:\/\/zonaroja.com.mx\/?p=77538"},"modified":"2025-02-15T07:40:26","modified_gmt":"2025-02-15T13:40:26","slug":"a-la-carcel-lucio-y-diana-por-tirar-a-su-bebe-en-la-calle-en-edomex","status":"publish","type":"post","link":"https:\/\/zonaroja.com.mx\/?p=77538","title":{"rendered":"A la c\u00e1rcel, Lucio y Diana, por tirar a su beb\u00e9 en la calle, en Edomex"},"content":{"rendered":"\n<p>Redacci\u00f3n\/Zona Roja Cdmx.<\/p>\n\n\n\n<p>Ciudad de M\u00e9xico, a 15 de febrero de 2025.- La Fiscal\u00eda del Estado de M\u00e9xico obtuvo este viernes una orden de aprehensi\u00f3n contra Lucio David \u201cN\u201d y y Diana Jaciel \u201cN\u201d pareja de j\u00f3venes que presuntamente abandonaron al beb\u00e9 en una calle del municipio mexiquense de Tultitlan.<\/p>\n\n\n\n<p>Agentes de esta dependencia detuvieron a estos j\u00f3venes, se\u00f1alados por su probable intervenci\u00f3n en el delito de homicidio en grado de tentativa en agravio de un reci\u00e9n nacido, el cual fue abandonado en v\u00eda p\u00fablica el pasado 11 de febrero.<\/p>\n\n\n\n<p>Con los datos obtenidos, la Fiscal\u00eda mexiquense solicit\u00f3 y obtuvo de la Autoridad Judicial orden de aprehensi\u00f3n contra ambas personas, por ello, esta tarde Polic\u00edas de Investigaci\u00f3n (PDI) dieron cumplimento a este mandamiento judicial al ingresar a Lucio David \u201cN\u201d al Centro Penitenciario y de Reinserci\u00f3n de Cuautitl\u00e1n, en tanto que Diana Jaciel \u201cN\u201d, al Penal de Tlalnepantla.<\/p>\n\n\n\n<p>Cabe recordar que Lucio \u201cN\u201d, quien fue captado en una c\u00e1mara de seguridad abandonando al beb\u00e9 en vialidades de la colonia Fuentes del Valle el pasado 11 de febrero en el municipio mexiquense de Tultitl\u00e1n, se entreg\u00f3 a las autoridades previo a esta orden.<\/p>\n\n\n\n<p>El 12 de febrero, el joven se present\u00f3 voluntariamente en instalaciones de la Fiscal\u00eda General de Justicia de la Ciudad de M\u00e9xico, instituci\u00f3n que inform\u00f3 el hecho a la Fiscal\u00eda Edomex por lo que elementos de esta \u00faltima acudieron a la Fiscal\u00eda Desconcentrada Cuauht\u00e9moc II y posteriormente trasladaron al masculino al Centro de Justicia para las Mujeres ubicado en el municipio de Cuautitl\u00e1n Izcalli en el Estado de M\u00e9xico para recabar su entrevista en sede ministerial a efectos de continuar con la indagatoria.<\/p>\n\n\n\n<p>\u201cPor los hechos referidos, la Fiscal\u00eda del Estado de M\u00e9xico investiga a Diana Jaciel \u201cN\u201d y Lucio David \u201cN\u201d, ya que sus conductas presuntamente pusieron en riesgo la vida y la integridad del reci\u00e9n nacido, por lo que el Agente del Ministerio P\u00fablico continuar\u00e1 con las diligencias con el fin de identificar posibles hechos constitutivos de delito y actuar en consecuencia\u00bb indicaron las autoridades mexiquenses a trav\u00e9s de un comunicado.<\/p>\n\n\n\n<p>Ambas personas quedar\u00e1n a disposici\u00f3n de las autoridades, quien determinar\u00e1 su situaci\u00f3n jur\u00eddica.<\/p>\n\n\n\n<p>En reportes period\u00edsticos se dio a conocer que a trav\u00e9s de mensajes de texto enviados entre ambos donde se pudo apreciar que en realidad ambos estaban de acuerdo con el abandono del beb\u00e9, sobre el cual se refer\u00edan de manera despectiva.<\/p>\n\n\n\n<p>Respecto al menor, actualmente se encuentra recibiendo atenci\u00f3n m\u00e9dica en un hospital del ISSSTE, donde se ha reportado estable y saludable de acuerdo a su edad; con el fin salvaguardar el inter\u00e9s superior de la ni\u00f1ez, el Agente del Ministerio P\u00fablico dio intervenci\u00f3n al DIF municipal, para su cuidado y atenci\u00f3n por lo que una vez que sea dado de alta, ser\u00e1 albergado por esa instituci\u00f3n.<\/p>\n\n\n\n<p>(Informaci\u00f3n de Infobae M\u00e9xico)<\/p>\n","protected":false},"excerpt":{"rendered":"<p>Redacci\u00f3n\/Zona Roja Cdmx. Ciudad de M\u00e9xico, a 15 de febrero de 2025.- La Fiscal\u00eda del&hellip;<\/p>\n","protected":false},"author":2,"featured_media":77539,"comment_status":"closed","ping_status":"open","sticky":false,"template":"","format":"standard","meta":{"_lmt_disableupdate":"","_lmt_disable":"","_jetpack_memberships_contains_paid_content":false,"footnotes":""},"categories":[109,47],"tags":[],"class_list":["post-77538","post","type-post","status-publish","format-standard","has-post-thumbnail","hentry","category-minuto-a-minuto","category-zona-gris"],"jetpack_featured_media_url":"https:\/\/zonaroja.com.mx\/wp-content\/uploads\/2025\/02\/Luucio-y-Diana-bebe-Edomex.webp","jetpack_sharing_enabled":true,"_links":{"self":[{"href":"https:\/\/zonaroja.com.mx\/index.php?rest_route=\/wp\/v2\/posts\/77538","targetHints":{"allow":["GET"]}}],"collection":[{"href":"https:\/\/zonaroja.com.mx\/index.php?rest_route=\/wp\/v2\/posts"}],"about":[{"href":"https:\/\/zonaroja.com.mx\/index.php?rest_route=\/wp\/v2\/types\/post"}],"author":[{"embeddable":true,"href":"https:\/\/zonaroja.com.mx\/index.php?rest_route=\/wp\/v2\/users\/2"}],"replies":[{"embeddable":true,"href":"https:\/\/zonaroja.com.mx\/index.php?rest_route=%2Fwp%2Fv2%2Fcomments&post=77538"}],"version-history":[{"count":1,"href":"https:\/\/zonaroja.com.mx\/index.php?rest_route=\/wp\/v2\/posts\/77538\/revisions"}],"predecessor-version":[{"id":77540,"href":"https:\/\/zonaroja.com.mx\/index.php?rest_route=\/wp\/v2\/posts\/77538\/revisions\/77540"}],"wp:featuredmedia":[{"embeddable":true,"href":"https:\/\/zonaroja.com.mx\/index.php?rest_route=\/wp\/v2\/media\/77539"}],"wp:attachment":[{"href":"https:\/\/zonaroja.com.mx\/index.php?rest_route=%2Fwp%2Fv2%2Fmedia&parent=77538"}],"wp:term":[{"taxonomy":"category","embeddable":true,"href":"https:\/\/zonaroja.com.mx\/index.php?rest_route=%2Fwp%2Fv2%2Fcategories&post=77538"},{"taxonomy":"post_tag","embeddable":true,"href":"https:\/\/zonaroja.com.mx\/index.php?rest_route=%2Fwp%2Fv2%2Ftags&post=77538"}],"curies":[{"name":"wp","href":"https:\/\/api.w.org\/{rel}","templated":true}]}}